{"@context":"https:\/\/schema.org\/","@type":"CollectionPage","@id":"https:\/\/www.marcal.cz\/auto-moto\/#CollectionPage","headline":"Auto moto Category","description":"","url":"https:\/\/www.marcal.cz\/auto-moto\/","hasPart":[{"@type":"Article","@id":"https:\/\/www.marcal.cz\/dalnicni-sit-v-ceske-republice\/","headline":"D\u00e1lni\u010dn\u00ed s\u00ed\u0165 v \u010cesk\u00e9 republice","url":"https:\/\/www.marcal.cz\/dalnicni-sit-v-ceske-republice\/","datePublished":"2025-03-06","dateModified":"2023-05-01","mainEntityOfPage":"https:\/\/www.marcal.cz\/dalnicni-sit-v-ceske-republice\/","author":{"@type":"Person","@id":"https:\/\/www.marcal.cz\/author\/#Person","name":"","url":"https:\/\/www.marcal.cz\/author\/","identifier":1,"image":{"@type":"ImageObject","@id":"https:\/\/secure.gravatar.com\/avatar\/a1f3afbcba6a2c855138f9932fa7e5ab7d93bdcdef3da88e8b7e3a89881e43e8?s=96&d=mm&r=g","url":"https:\/\/secure.gravatar.com\/avatar\/a1f3afbcba6a2c855138f9932fa7e5ab7d93bdcdef3da88e8b7e3a89881e43e8?s=96&d=mm&r=g","height":96,"width":96}},"publisher":{"@type":"Organization","name":"marcal.cz","logo":{"@type":"ImageObject","@id":"\/logo.png","url":"\/logo.png","width":600,"height":60}},"image":{"@type":"ImageObject","@id":"https:\/\/www.marcal.cz\/wp-content\/uploads\/img_a330202_w2518_t1542792078.jpg","url":"https:\/\/www.marcal.cz\/wp-content\/uploads\/img_a330202_w2518_t1542792078.jpg","height":0,"width":0},"keywords":null},{"@type":"Article","@id":"https:\/\/www.marcal.cz\/ktery-den-v-tydnu-bychom-radeji-nemeli-vubec-cestovat-autem\/","headline":"Kter\u00fd den v t\u00fddnu bychom rad\u011bji nem\u011bli v\u016fbec cestovat autem","url":"https:\/\/www.marcal.cz\/ktery-den-v-tydnu-bychom-radeji-nemeli-vubec-cestovat-autem\/","datePublished":"2025-03-03","dateModified":"2023-05-01","mainEntityOfPage":"https:\/\/www.marcal.cz\/ktery-den-v-tydnu-bychom-radeji-nemeli-vubec-cestovat-autem\/","author":{"@type":"Person","@id":"https:\/\/www.marcal.cz\/author\/#Person","name":"","url":"https:\/\/www.marcal.cz\/author\/","identifier":1,"image":{"@type":"ImageObject","@id":"https:\/\/secure.gravatar.com\/avatar\/a1f3afbcba6a2c855138f9932fa7e5ab7d93bdcdef3da88e8b7e3a89881e43e8?s=96&d=mm&r=g","url":"https:\/\/secure.gravatar.com\/avatar\/a1f3afbcba6a2c855138f9932fa7e5ab7d93bdcdef3da88e8b7e3a89881e43e8?s=96&d=mm&r=g","height":96,"width":96}},"publisher":{"@type":"Organization","name":"marcal.cz","logo":{"@type":"ImageObject","@id":"\/logo.png","url":"\/logo.png","width":600,"height":60}},"image":{"@type":"ImageObject","@id":"https:\/\/www.marcal.cz\/wp-content\/uploads\/img_a314673_w2518_t1525642663.jpg","url":"https:\/\/www.marcal.cz\/wp-content\/uploads\/img_a314673_w2518_t1525642663.jpg","height":0,"width":0},"keywords":null},{"@type":"Article","@id":"https:\/\/www.marcal.cz\/za-prevoz-materialu-a-nabytku-muzete-vyrazne-usetrit\/","headline":"Za p\u0159evoz materi\u00e1lu a n\u00e1bytku m\u016f\u017eete v\u00fdrazn\u011b u\u0161et\u0159it","url":"https:\/\/www.marcal.cz\/za-prevoz-materialu-a-nabytku-muzete-vyrazne-usetrit\/","datePublished":"2019-09-15","dateModified":"2023-05-01","mainEntityOfPage":"https:\/\/www.marcal.cz\/za-prevoz-materialu-a-nabytku-muzete-vyrazne-usetrit\/","author":{"@type":"Person","@id":"https:\/\/www.marcal.cz\/author\/#Person","name":"","url":"https:\/\/www.marcal.cz\/author\/","identifier":1,"image":{"@type":"ImageObject","@id":"https:\/\/secure.gravatar.com\/avatar\/a1f3afbcba6a2c855138f9932fa7e5ab7d93bdcdef3da88e8b7e3a89881e43e8?s=96&d=mm&r=g","url":"https:\/\/secure.gravatar.com\/avatar\/a1f3afbcba6a2c855138f9932fa7e5ab7d93bdcdef3da88e8b7e3a89881e43e8?s=96&d=mm&r=g","height":96,"width":96}},"publisher":{"@type":"Organization","name":"marcal.cz","logo":{"@type":"ImageObject","@id":"\/logo.png","url":"\/logo.png","width":600,"height":60}},"image":{"@type":"ImageObject","@id":"https:\/\/www.marcal.cz\/wp-content\/uploads\/img_a338677_w1705_t1551271882.png","url":"https:\/\/www.marcal.cz\/wp-content\/uploads\/img_a338677_w1705_t1551271882.png","height":0,"width":0},"keywords":null},{"@type":"Article","@id":"https:\/\/www.marcal.cz\/jak-si-vybrat-idealni-auto\/","headline":"Jak si vybrat ide\u00e1ln\u00ed auto","url":"https:\/\/www.marcal.cz\/jak-si-vybrat-idealni-auto\/","datePublished":"2019-06-12","dateModified":"2023-05-01","mainEntityOfPage":"https:\/\/www.marcal.cz\/jak-si-vybrat-idealni-auto\/","author":{"@type":"Person","@id":"https:\/\/www.marcal.cz\/author\/#Person","name":"","url":"https:\/\/www.marcal.cz\/author\/","identifier":1,"image":{"@type":"ImageObject","@id":"https:\/\/secure.gravatar.com\/avatar\/a1f3afbcba6a2c855138f9932fa7e5ab7d93bdcdef3da88e8b7e3a89881e43e8?s=96&d=mm&r=g","url":"https:\/\/secure.gravatar.com\/avatar\/a1f3afbcba6a2c855138f9932fa7e5ab7d93bdcdef3da88e8b7e3a89881e43e8?s=96&d=mm&r=g","height":96,"width":96}},"publisher":{"@type":"Organization","name":"marcal.cz","logo":{"@type":"ImageObject","@id":"\/logo.png","url":"\/logo.png","width":600,"height":60}},"image":{"@type":"ImageObject","@id":"https:\/\/www.marcal.cz\/wp-content\/uploads\/img_a348825_w2518_t1563650201.jpg","url":"https:\/\/www.marcal.cz\/wp-content\/uploads\/img_a348825_w2518_t1563650201.jpg","height":0,"width":0},"keywords":null}]}