[{"@context":"https:\/\/schema.org\/","@type":"Article","@id":"https:\/\/www.marcal.cz\/behat-se-da-i-s-radosti\/#Article","mainEntityOfPage":"https:\/\/www.marcal.cz\/behat-se-da-i-s-radosti\/","headline":"B\u011bhat se d\u00e1 i s radost\u00ed","name":"B\u011bhat se d\u00e1 i s radost\u00ed","description":"Za\u010d\u00edt v\u00a0klidu Pokud se rozhodnete za\u010d\u00edt s\u00a0b\u011bh\u00e1n\u00edm a\u0165 u\u017e na stadionu nebo v\u00a0ter\u00e9nu, je d\u016fle\u017eit\u00e9 si ujasnit p\u00e1r v\u011bc\u00ed u\u017e na za\u010d\u00e1tku. Hlavn\u00ed je se &hellip; ","datePublished":"2025-03-04","dateModified":"2023-05-01","author":{"@type":"Person","@id":"https:\/\/www.marcal.cz\/author\/#Person","name":"","url":"https:\/\/www.marcal.cz\/author\/","identifier":1,"image":{"@type":"ImageObject","@id":"https:\/\/secure.gravatar.com\/avatar\/a1f3afbcba6a2c855138f9932fa7e5ab7d93bdcdef3da88e8b7e3a89881e43e8?s=96&d=mm&r=g","url":"https:\/\/secure.gravatar.com\/avatar\/a1f3afbcba6a2c855138f9932fa7e5ab7d93bdcdef3da88e8b7e3a89881e43e8?s=96&d=mm&r=g","height":96,"width":96}},"publisher":{"@type":"Organization","name":"marcal.cz","logo":{"@type":"ImageObject","@id":"\/logo.png","url":"\/logo.png","width":600,"height":60}},"image":{"@type":"ImageObject","@id":"https:\/\/www.marcal.cz\/wp-content\/uploads\/img_a314168_w2518_t1524943333.jpg","url":"https:\/\/www.marcal.cz\/wp-content\/uploads\/img_a314168_w2518_t1524943333.jpg","height":0,"width":0},"url":"https:\/\/www.marcal.cz\/behat-se-da-i-s-radosti\/","about":["Sport"],"wordCount":462,"articleBody":"Za\u010d\u00edt v\u00a0kliduPokud se rozhodnete za\u010d\u00edt s\u00a0b\u011bh\u00e1n\u00edm a\u0165 u\u017e na stadionu nebo v\u00a0ter\u00e9nu, je d\u016fle\u017eit\u00e9 si ujasnit p\u00e1r v\u011bc\u00ed u\u017e na za\u010d\u00e1tku. Hlavn\u00ed je se nestrhnout hned na za\u010d\u00e1tku. Mnoho lid\u00ed, kte\u0159\u00ed za\u010d\u00ednaj\u00ed sportovat, jsou tak nad\u0161en\u00ed, \u017ee se do toho vrhnou \u00fapln\u011b po hlav\u011b. Sna\u017e\u00ed se b\u011bhat co nejrychleji nebo si stanovuj\u00ed p\u0159\u00edli\u0161 dlouh\u00e9 trasy, kter\u00e9 nejsou pro za\u010d\u00ednaj\u00edc\u00edho b\u011b\u017ece vhodn\u00e9. To se m\u016f\u017ee projevit velkou \u00fanavou \u010di bolest\u00ed sval\u016f a kloub\u016f, kter\u00e9 p\u0159etrv\u00e1vaj\u00ed n\u011bkolik dn\u00ed. Je proto dobr\u00e9 si stanovit pro za\u010d\u00e1tek krat\u0161\u00ed trasy nap\u0159. 1 km a sna\u017eit se b\u011b\u017eet sp\u00ed\u0161e v\u00a0pomalej\u0161\u00edm tempu. Soust\u0159edit by se m\u011bl b\u011b\u017eec p\u0159edev\u0161\u00edm na spr\u00e1vn\u00e9 d\u00fdch\u00e1n\u00ed, kter\u00e9 mu pom\u016f\u017ee v\u00a0budoucnu zdolat i del\u0161\u00ed trasy. Nezapom\u00ednejte ani na d\u016fkladn\u00e9 prota\u017een\u00ed cel\u00e9ho t\u011bla, kter\u00e9 V\u00e1m pom\u016f\u017ee t\u011blo po\u0159\u00e1dn\u011b zah\u0159\u00e1t, aby mohlo podat ten nejlep\u0161\u00ed v\u00fdkon.MotivaceAby V\u00e1m nad\u0161en\u00ed z\u00a0b\u011bh\u00e1n\u00ed vydr\u017eelo co nejd\u00e9le je nejd\u016fle\u017eit\u011bj\u0161\u00ed motivace. Chcete b\u011bhat jen kv\u016fli postav\u011b nebo si chcete vy\u010distit hlavu po n\u00e1ro\u010dn\u00e9m dni v\u00a0pr\u00e1ci? A\u0165 u\u017e tak nebo tak, je d\u016fle\u017eit\u00e9, abyste tento sport d\u011blali hlavn\u011b pro sebe. Zkuste si vytvo\u0159it pravideln\u00fd n\u00e1vyk, kter\u00fd bude srovnateln\u00fd nap\u0159. s\u00a0myt\u00edm vlas\u016f. Nejt\u011b\u017e\u0161\u00ed jsou samoz\u0159ejm\u011b za\u010d\u00e1tky, ale kdy\u017e V\u00e1m b\u011bh\u00e1n\u00ed dok\u00e1\u017ee, \u017ee se V\u00e1\u0161 \u017eivot d\u00edky n\u011bmu zlep\u0161il, nebudete cht\u00edt p\u0159estat. Dobr\u00e9 je si prvn\u00ed m\u011bs\u00edc nalepit nap\u0159. na lednici V\u00e1\u0161 pl\u00e1n b\u011bh\u00e1n\u00ed a zkusit ho dodr\u017eovat. Jak si budete od\u0161krt\u00e1vat dny, budete m\u00edt ze sebe dobr\u00fd pocit a ani V\u00e1s nenapadne s\u00a0b\u011bh\u00e1n\u00edm skon\u010dit.B\u011bhat se d\u00e1 i se psemPokud m\u00e1te doma \u010dty\u0159noh\u00e9ho ps\u00edho mazl\u00ed\u010dka, m\u016f\u017eete spojit p\u0159\u00edjemn\u00e9 s\u00a0u\u017eite\u010dn\u00fdm a za\u010d\u00edt b\u011bhat pr\u00e1v\u011b s\u00a0n\u00edm. Pes si zab\u011bh\u00e1 velice r\u00e1d a bude na V\u00e1s p\u0159en\u00e1\u0161et energii a dobrou n\u00e1ladu. Jen nezapome\u0148te pejska p\u0159ed b\u011bh\u00e1n\u00ed vyven\u010dit a zajistit mu dostatek vody. Tak\u00e9 rad\u011bji zvolte trasu, kter\u00e1 je sp\u00ed\u0161e p\u0159\u00edrodn\u00ed nap\u0159. lesn\u00ed \u010di poln\u00ed cesty. V\u00a0neposledn\u00ed \u0159ad\u011b nezapome\u0148te na vhodn\u00e9 vod\u00edtko a obojek. Pokud chcete nechat ps\u00edho mil\u00e1\u010dka b\u011bhat na volno, d\u00e1vejte dobr\u00fd pozor na cyklisty a jin\u00e1 zv\u00ed\u0159ata.                                                                                                                                                                                                                                                                                                                                                                                        4.6\/5 - (14 votes)        "},{"@context":"https:\/\/schema.org\/","@type":"BreadcrumbList","itemListElement":[{"@type":"ListItem","position":1,"name":"B\u011bhat se d\u00e1 i s radost\u00ed","item":"https:\/\/www.marcal.cz\/behat-se-da-i-s-radosti\/#breadcrumbitem"}]}]