{"@context":"https:\/\/schema.org\/","@type":"CollectionPage","@id":"https:\/\/www.marcal.cz\/dum-a-zahrada\/#CollectionPage","headline":"D\u016fm a zahrada Category","description":"","url":"https:\/\/www.marcal.cz\/dum-a-zahrada\/","hasPart":[{"@type":"Article","@id":"https:\/\/www.marcal.cz\/stehujeme-se\/","headline":"St\u011bhujeme se","url":"https:\/\/www.marcal.cz\/stehujeme-se\/","datePublished":"2025-10-24","dateModified":"2025-10-24","mainEntityOfPage":"https:\/\/www.marcal.cz\/stehujeme-se\/","author":{"@type":"Person","@id":"https:\/\/www.marcal.cz\/author\/#Person","name":"","url":"https:\/\/www.marcal.cz\/author\/","identifier":1,"image":{"@type":"ImageObject","@id":"https:\/\/secure.gravatar.com\/avatar\/a1f3afbcba6a2c855138f9932fa7e5ab7d93bdcdef3da88e8b7e3a89881e43e8?s=96&d=mm&r=g","url":"https:\/\/secure.gravatar.com\/avatar\/a1f3afbcba6a2c855138f9932fa7e5ab7d93bdcdef3da88e8b7e3a89881e43e8?s=96&d=mm&r=g","height":96,"width":96}},"publisher":{"@type":"Organization","name":"marcal.cz","logo":{"@type":"ImageObject","@id":"\/logo.png","url":"\/logo.png","width":600,"height":60}},"image":{"@type":"ImageObject","@id":"https:\/\/www.marcal.cz\/wp-content\/uploads\/pexels-heyho-7614606_1.jpg","url":"https:\/\/www.marcal.cz\/wp-content\/uploads\/pexels-heyho-7614606_1.jpg","height":0,"width":0},"keywords":null},{"@type":"Article","@id":"https:\/\/www.marcal.cz\/slunecnik-markyza-ci-strecha\/","headline":"Slune\u010dn\u00edk, mark\u00fdza \u010di st\u0159echa?","url":"https:\/\/www.marcal.cz\/slunecnik-markyza-ci-strecha\/","datePublished":"2025-03-06","dateModified":"2023-05-01","mainEntityOfPage":"https:\/\/www.marcal.cz\/slunecnik-markyza-ci-strecha\/","author":{"@type":"Person","@id":"https:\/\/www.marcal.cz\/author\/#Person","name":"","url":"https:\/\/www.marcal.cz\/author\/","identifier":1,"image":{"@type":"ImageObject","@id":"https:\/\/secure.gravatar.com\/avatar\/a1f3afbcba6a2c855138f9932fa7e5ab7d93bdcdef3da88e8b7e3a89881e43e8?s=96&d=mm&r=g","url":"https:\/\/secure.gravatar.com\/avatar\/a1f3afbcba6a2c855138f9932fa7e5ab7d93bdcdef3da88e8b7e3a89881e43e8?s=96&d=mm&r=g","height":96,"width":96}},"publisher":{"@type":"Organization","name":"marcal.cz","logo":{"@type":"ImageObject","@id":"\/logo.png","url":"\/logo.png","width":600,"height":60}},"image":{"@type":"ImageObject","@id":"https:\/\/www.marcal.cz\/wp-content\/uploads\/img_a313973_w2518_t1524729393.jpg","url":"https:\/\/www.marcal.cz\/wp-content\/uploads\/img_a313973_w2518_t1524729393.jpg","height":0,"width":0},"keywords":null},{"@type":"Article","@id":"https:\/\/www.marcal.cz\/mrtvice-v-zahrade\/","headline":"Mrtvice v zahrad\u011b","url":"https:\/\/www.marcal.cz\/mrtvice-v-zahrade\/","datePublished":"2025-03-04","dateModified":"2023-05-01","mainEntityOfPage":"https:\/\/www.marcal.cz\/mrtvice-v-zahrade\/","author":{"@type":"Person","@id":"https:\/\/www.marcal.cz\/author\/#Person","name":"","url":"https:\/\/www.marcal.cz\/author\/","identifier":1,"image":{"@type":"ImageObject","@id":"https:\/\/secure.gravatar.com\/avatar\/a1f3afbcba6a2c855138f9932fa7e5ab7d93bdcdef3da88e8b7e3a89881e43e8?s=96&d=mm&r=g","url":"https:\/\/secure.gravatar.com\/avatar\/a1f3afbcba6a2c855138f9932fa7e5ab7d93bdcdef3da88e8b7e3a89881e43e8?s=96&d=mm&r=g","height":96,"width":96}},"publisher":{"@type":"Organization","name":"marcal.cz","logo":{"@type":"ImageObject","@id":"\/logo.png","url":"\/logo.png","width":600,"height":60}},"image":{"@type":"ImageObject","@id":"https:\/\/www.marcal.cz\/wp-content\/uploads\/img_a319536_w2518_t1530558938.jpg","url":"https:\/\/www.marcal.cz\/wp-content\/uploads\/img_a319536_w2518_t1530558938.jpg","height":0,"width":0},"keywords":null},{"@type":"Article","@id":"https:\/\/www.marcal.cz\/co-vylepsit-na-zahrade\/","headline":"Co vylep\u0161it na zahrad\u011b?","url":"https:\/\/www.marcal.cz\/co-vylepsit-na-zahrade\/","datePublished":"2025-03-01","dateModified":"2023-05-01","mainEntityOfPage":"https:\/\/www.marcal.cz\/co-vylepsit-na-zahrade\/","author":{"@type":"Person","@id":"https:\/\/www.marcal.cz\/author\/#Person","name":"","url":"https:\/\/www.marcal.cz\/author\/","identifier":1,"image":{"@type":"ImageObject","@id":"https:\/\/secure.gravatar.com\/avatar\/a1f3afbcba6a2c855138f9932fa7e5ab7d93bdcdef3da88e8b7e3a89881e43e8?s=96&d=mm&r=g","url":"https:\/\/secure.gravatar.com\/avatar\/a1f3afbcba6a2c855138f9932fa7e5ab7d93bdcdef3da88e8b7e3a89881e43e8?s=96&d=mm&r=g","height":96,"width":96}},"publisher":{"@type":"Organization","name":"marcal.cz","logo":{"@type":"ImageObject","@id":"\/logo.png","url":"\/logo.png","width":600,"height":60}},"image":{"@type":"ImageObject","@id":"https:\/\/www.marcal.cz\/wp-content\/uploads\/img_a331752_w2518_t1544284828.jpg","url":"https:\/\/www.marcal.cz\/wp-content\/uploads\/img_a331752_w2518_t1544284828.jpg","height":0,"width":0},"keywords":null},{"@type":"Article","@id":"https:\/\/www.marcal.cz\/mam-si-vzit-hypoteku\/","headline":"M\u00e1m si vz\u00edt hypot\u00e9ku?","url":"https:\/\/www.marcal.cz\/mam-si-vzit-hypoteku\/","datePublished":"2024-01-28","dateModified":"2024-03-27","mainEntityOfPage":"https:\/\/www.marcal.cz\/mam-si-vzit-hypoteku\/","author":{"@type":"Person","@id":"https:\/\/www.marcal.cz\/author\/#Person","name":"","url":"https:\/\/www.marcal.cz\/author\/","identifier":1,"image":{"@type":"ImageObject","@id":"https:\/\/secure.gravatar.com\/avatar\/a1f3afbcba6a2c855138f9932fa7e5ab7d93bdcdef3da88e8b7e3a89881e43e8?s=96&d=mm&r=g","url":"https:\/\/secure.gravatar.com\/avatar\/a1f3afbcba6a2c855138f9932fa7e5ab7d93bdcdef3da88e8b7e3a89881e43e8?s=96&d=mm&r=g","height":96,"width":96}},"publisher":{"@type":"Organization","name":"marcal.cz","logo":{"@type":"ImageObject","@id":"\/logo.png","url":"\/logo.png","width":600,"height":60}},"image":{"@type":"ImageObject","@id":"https:\/\/www.marcal.cz\/wp-content\/uploads\/pexels-pixabay-259027_4.jpg","url":"https:\/\/www.marcal.cz\/wp-content\/uploads\/pexels-pixabay-259027_4.jpg","height":0,"width":0},"keywords":null},{"@type":"Article","@id":"https:\/\/www.marcal.cz\/kde-si-lze-vzit-v-tisni-pujcku\/","headline":"Kde si lze vz\u00edt v t\u00edsni p\u016fj\u010dku?","url":"https:\/\/www.marcal.cz\/kde-si-lze-vzit-v-tisni-pujcku\/","datePublished":"2023-01-14","dateModified":"2023-05-01","mainEntityOfPage":"https:\/\/www.marcal.cz\/kde-si-lze-vzit-v-tisni-pujcku\/","author":{"@type":"Person","@id":"https:\/\/www.marcal.cz\/author\/#Person","name":"","url":"https:\/\/www.marcal.cz\/author\/","identifier":1,"image":{"@type":"ImageObject","@id":"https:\/\/secure.gravatar.com\/avatar\/a1f3afbcba6a2c855138f9932fa7e5ab7d93bdcdef3da88e8b7e3a89881e43e8?s=96&d=mm&r=g","url":"https:\/\/secure.gravatar.com\/avatar\/a1f3afbcba6a2c855138f9932fa7e5ab7d93bdcdef3da88e8b7e3a89881e43e8?s=96&d=mm&r=g","height":96,"width":96}},"publisher":{"@type":"Organization","name":"marcal.cz","logo":{"@type":"ImageObject","@id":"\/logo.png","url":"\/logo.png","width":600,"height":60}},"image":{"@type":"ImageObject","@id":"https:\/\/www.marcal.cz\/wp-content\/uploads\/time-is-money-1050857_960_720.jpg","url":"https:\/\/www.marcal.cz\/wp-content\/uploads\/time-is-money-1050857_960_720.jpg","height":0,"width":0},"keywords":null},{"@type":"Article","@id":"https:\/\/www.marcal.cz\/jsou-i-dnes-nebankovni-hypoteky-vyhodne\/","headline":"Jsou i dnes nebankovn\u00ed hypot\u00e9ky v\u00fdhodn\u00e9?","url":"https:\/\/www.marcal.cz\/jsou-i-dnes-nebankovni-hypoteky-vyhodne\/","datePublished":"2022-06-12","dateModified":"2023-05-01","mainEntityOfPage":"https:\/\/www.marcal.cz\/jsou-i-dnes-nebankovni-hypoteky-vyhodne\/","author":{"@type":"Person","@id":"https:\/\/www.marcal.cz\/author\/#Person","name":"","url":"https:\/\/www.marcal.cz\/author\/","identifier":1,"image":{"@type":"ImageObject","@id":"https:\/\/secure.gravatar.com\/avatar\/a1f3afbcba6a2c855138f9932fa7e5ab7d93bdcdef3da88e8b7e3a89881e43e8?s=96&d=mm&r=g","url":"https:\/\/secure.gravatar.com\/avatar\/a1f3afbcba6a2c855138f9932fa7e5ab7d93bdcdef3da88e8b7e3a89881e43e8?s=96&d=mm&r=g","height":96,"width":96}},"publisher":{"@type":"Organization","name":"marcal.cz","logo":{"@type":"ImageObject","@id":"\/logo.png","url":"\/logo.png","width":600,"height":60}},"image":{"@type":"ImageObject","@id":"https:\/\/www.marcal.cz\/wp-content\/uploads\/hypoteka4_10_10_10_10_10_10_10_10_7.jpg","url":"https:\/\/www.marcal.cz\/wp-content\/uploads\/hypoteka4_10_10_10_10_10_10_10_10_7.jpg","height":0,"width":0},"keywords":null},{"@type":"Article","@id":"https:\/\/www.marcal.cz\/pohodli-za-malo-penez\/","headline":"Pohodl\u00ed za m\u00e1lo pen\u011bz","url":"https:\/\/www.marcal.cz\/pohodli-za-malo-penez\/","datePublished":"2020-11-16","dateModified":"2023-06-05","mainEntityOfPage":"https:\/\/www.marcal.cz\/pohodli-za-malo-penez\/","author":{"@type":"Person","@id":"https:\/\/www.marcal.cz\/author\/#Person","name":"","url":"https:\/\/www.marcal.cz\/author\/","identifier":1,"image":{"@type":"ImageObject","@id":"https:\/\/secure.gravatar.com\/avatar\/a1f3afbcba6a2c855138f9932fa7e5ab7d93bdcdef3da88e8b7e3a89881e43e8?s=96&d=mm&r=g","url":"https:\/\/secure.gravatar.com\/avatar\/a1f3afbcba6a2c855138f9932fa7e5ab7d93bdcdef3da88e8b7e3a89881e43e8?s=96&d=mm&r=g","height":96,"width":96}},"publisher":{"@type":"Organization","name":"marcal.cz","logo":{"@type":"ImageObject","@id":"\/logo.png","url":"\/logo.png","width":600,"height":60}},"image":{"@type":"ImageObject","@id":"https:\/\/www.marcal.cz\/wp-content\/uploads\/%C4%8Cerven%C3%BD%20pytel.jpg","url":"https:\/\/www.marcal.cz\/wp-content\/uploads\/%C4%8Cerven%C3%BD%20pytel.jpg","height":0,"width":0},"keywords":null},{"@type":"Article","@id":"https:\/\/www.marcal.cz\/byty-jsou-pro-vas-moc-drahe-zkuste-neco-jineho\/","headline":"Byty jsou pro v\u00e1s moc drah\u00e9? Zkuste n\u011bco jin\u00e9ho","url":"https:\/\/www.marcal.cz\/byty-jsou-pro-vas-moc-drahe-zkuste-neco-jineho\/","datePublished":"2020-07-13","dateModified":"2023-05-01","mainEntityOfPage":"https:\/\/www.marcal.cz\/byty-jsou-pro-vas-moc-drahe-zkuste-neco-jineho\/","author":{"@type":"Person","@id":"https:\/\/www.marcal.cz\/author\/#Person","name":"","url":"https:\/\/www.marcal.cz\/author\/","identifier":1,"image":{"@type":"ImageObject","@id":"https:\/\/secure.gravatar.com\/avatar\/a1f3afbcba6a2c855138f9932fa7e5ab7d93bdcdef3da88e8b7e3a89881e43e8?s=96&d=mm&r=g","url":"https:\/\/secure.gravatar.com\/avatar\/a1f3afbcba6a2c855138f9932fa7e5ab7d93bdcdef3da88e8b7e3a89881e43e8?s=96&d=mm&r=g","height":96,"width":96}},"publisher":{"@type":"Organization","name":"marcal.cz","logo":{"@type":"ImageObject","@id":"\/logo.png","url":"\/logo.png","width":600,"height":60}},"image":{"@type":"ImageObject","@id":"https:\/\/www.marcal.cz\/wp-content\/uploads\/D%C5%AFm%20nemus%C3%AD%20b%C3%BDt%20klasick%C3%A1%20stavba.jpg","url":"https:\/\/www.marcal.cz\/wp-content\/uploads\/D%C5%AFm%20nemus%C3%AD%20b%C3%BDt%20klasick%C3%A1%20stavba.jpg","height":0,"width":0},"keywords":null},{"@type":"Article","@id":"https:\/\/www.marcal.cz\/barvy-v-obyvacim-pokoji\/","headline":"Barvy v ob\u00fdvac\u00edm pokoji","url":"https:\/\/www.marcal.cz\/barvy-v-obyvacim-pokoji\/","datePublished":"2018-08-09","dateModified":"2023-05-01","mainEntityOfPage":"https:\/\/www.marcal.cz\/barvy-v-obyvacim-pokoji\/","author":{"@type":"Person","@id":"https:\/\/www.marcal.cz\/author\/#Person","name":"","url":"https:\/\/www.marcal.cz\/author\/","identifier":1,"image":{"@type":"ImageObject","@id":"https:\/\/secure.gravatar.com\/avatar\/a1f3afbcba6a2c855138f9932fa7e5ab7d93bdcdef3da88e8b7e3a89881e43e8?s=96&d=mm&r=g","url":"https:\/\/secure.gravatar.com\/avatar\/a1f3afbcba6a2c855138f9932fa7e5ab7d93bdcdef3da88e8b7e3a89881e43e8?s=96&d=mm&r=g","height":96,"width":96}},"publisher":{"@type":"Organization","name":"marcal.cz","logo":{"@type":"ImageObject","@id":"\/logo.png","url":"\/logo.png","width":600,"height":60}},"image":{"@type":"ImageObject","@id":"https:\/\/www.marcal.cz\/wp-content\/uploads\/img_a323271_w2518_t1535009632.jpg","url":"https:\/\/www.marcal.cz\/wp-content\/uploads\/img_a323271_w2518_t1535009632.jpg","height":0,"width":0},"keywords":null}]}