[{"@context":"https:\/\/schema.org\/","@type":"Article","@id":"https:\/\/www.marcal.cz\/je-lepsi-mit-na-party-stan-pronajem-nebo-si-koupit-vlastni\/#Article","mainEntityOfPage":"https:\/\/www.marcal.cz\/je-lepsi-mit-na-party-stan-pronajem-nebo-si-koupit-vlastni\/","headline":"Je lep\u0161\u00ed m\u00edt na party stan pron\u00e1jem, nebo si koupit vlastn\u00ed?","name":"Je lep\u0161\u00ed m\u00edt na party stan pron\u00e1jem, nebo si koupit vlastn\u00ed?","description":"Pokud po\u0159\u00e1d\u00e1me venkovn\u00ed oslavu, zkr\u00e1tka se neobejdeme bez alt\u00e1nu. Pod n\u011bj se host\u00e9 mohou schovat jak p\u0159ed ostr\u00fdmi slune\u010dn\u00edmi paprsky, tak i p\u0159ed p\u0159\u00edpadn\u00fdm de\u0161t\u011bm. &hellip; ","datePublished":"2023-02-13","dateModified":"2023-05-01","author":{"@type":"Person","@id":"https:\/\/www.marcal.cz\/author\/#Person","name":"","url":"https:\/\/www.marcal.cz\/author\/","identifier":1,"image":{"@type":"ImageObject","@id":"https:\/\/secure.gravatar.com\/avatar\/a1f3afbcba6a2c855138f9932fa7e5ab7d93bdcdef3da88e8b7e3a89881e43e8?s=96&d=mm&r=g","url":"https:\/\/secure.gravatar.com\/avatar\/a1f3afbcba6a2c855138f9932fa7e5ab7d93bdcdef3da88e8b7e3a89881e43e8?s=96&d=mm&r=g","height":96,"width":96}},"publisher":{"@type":"Organization","name":"marcal.cz","logo":{"@type":"ImageObject","@id":"\/logo.png","url":"\/logo.png","width":600,"height":60}},"image":{"@type":"ImageObject","@id":"https:\/\/www.marcal.cz\/wp-content\/uploads\/altan9.png","url":"https:\/\/www.marcal.cz\/wp-content\/uploads\/altan9.png","height":0,"width":0},"url":"https:\/\/www.marcal.cz\/je-lepsi-mit-na-party-stan-pronajem-nebo-si-koupit-vlastni\/","about":["Podnik\u00e1n\u00ed"],"wordCount":463,"articleBody":"   Pokud po\u0159\u00e1d\u00e1me venkovn\u00ed oslavu, zkr\u00e1tka se neobejdeme bez alt\u00e1nu. Pod n\u011bj se host\u00e9 mohou schovat jak p\u0159ed ostr\u00fdmi slune\u010dn\u00edmi paprsky, tak i p\u0159ed p\u0159\u00edpadn\u00fdm de\u0161t\u011bm. Ov\u0161em typ alt\u00e1nu se m\u016f\u017ee li\u0161it podle toho, co zrovna pot\u0159ebujeme. I to je d\u016fvod, pro\u010d lid\u00e9 rad\u011bji vyu\u017e\u00edvaj\u00ed pro p\u00e1rty stan pron\u00e1jem, m\u00edsto koup\u011b vlastn\u00edho. Ka\u017ed\u00e1 oslava je toti\u017e jin\u00e1, a je tedy pot\u0159eba i jin\u00e1 v\u00fdzdoba i celkov\u00e9 po\u017eadavky. Ne v\u017edy se v\u0161ak pronajmut\u00ed vyplat\u00ed. Proto mus\u00edme ka\u017edou situaci dob\u0159e posoudit.V prvn\u00ed \u0159ad\u011b mus\u00edme uv\u00e1\u017eit to, jak \u010dasto takov\u00e9to oslavy po\u0159\u00e1d\u00e1me. Pokud je to jen jednou \u010di dvakr\u00e1t do roka, pak je pronajmut\u00ed stanu bezesporu t\u00edm lep\u0161\u00edm \u0159e\u0161en\u00edm. Av\u0161ak v p\u0159\u00edpad\u011b, \u017ee m\u00e1me na sv\u00e9m pozemku n\u011bjakou akci t\u00e9m\u011b\u0159 ka\u017ed\u00fd t\u00fdden, je lep\u0161\u00ed si jej koupit. Nesm\u00edme tak\u00e9 zapom\u00ednat, \u017ee jej m\u016f\u017eeme vyu\u017e\u00edt nejen v dob\u011b oslavy. V hork\u00fdch letn\u00edch dnech pod n\u00edm snadno m\u016f\u017eeme naj\u00edt st\u00edn, co\u017e je v\u017edy v\u00edtan\u00e9. M\u016f\u017ee tedy slou\u017eit i jako m\u00edsto odpo\u010dinku a relaxace, nejen oslav. Zde je v\u0161ak d\u016fle\u017eit\u00e1 velikost. Ta by m\u011bla odpov\u00eddat po\u010dtu host\u016f a b\u00fdt takov\u00e1, aby se pod n\u011bj mohli v\u0161ichni v p\u0159\u00edpad\u011b pot\u0159eby pohodln\u011b schovat. Pokud v\u0161ak bude p\u0159\u00edli\u0161 velk\u00fd, budou v n\u011bm host\u00e9 p\u016fsobit ztracen\u011b, co\u017e rozhodn\u011b nepom\u016f\u017ee dos\u00e1hnout \u017e\u00e1douc\u00ed atmosf\u00e9ry.Je proto nutn\u00e9 uv\u00e1\u017eit, zda budou ve\u0161ker\u00e9 na\u0161e po\u0159\u00e1dan\u00e9 akce stejn\u011b velk\u00e9, p\u0159\u00edpadn\u011b zda o\u010dek\u00e1v\u00e1me p\u0159ibli\u017en\u011b stejnou n\u00e1v\u0161t\u011bvnost. To se samoz\u0159ejm\u011b net\u00fdk\u00e1 jen soukrom\u00fdch oslav, ale i t\u011bch ve\u0159ejn\u00fdch p\u0159i p\u0159\u00edle\u017eitosti nejr\u016fzn\u011bj\u0161\u00edch sv\u00e1tk\u016f.Barvu se tak\u00e9 nevyplat\u00ed podce\u0148ovat. Ta by m\u011bla odpov\u00eddat t\u00e9matu oslavy. Samoz\u0159ejm\u011b, klasickou b\u00edlou nic nezkaz\u00edme, av\u0161ak pro\u010d nevybrat n\u011bjakou zaj\u00edmav\u011bj\u0161\u00ed variantu? K dispozici m\u00e1me \u0161irok\u00fd v\u00fdb\u011br, zvl\u00e1\u0161t\u011b v p\u016fj\u010dovn\u00e1ch, tak\u017ee si m\u016f\u017eeme vybrat takov\u00fd, kter\u00fd bude pro danou akci ide\u00e1ln\u00ed.V\u0161e je tedy pon\u011bkud slo\u017eit\u011bj\u0161\u00ed, ne\u017e se m\u016f\u017ee na prvn\u00ed pohled zd\u00e1t, av\u0161ak nen\u00ed t\u0159eba se ob\u00e1vat. Pracovn\u00edci p\u016fj\u010dovny v\u00e1m budou v p\u0159\u00edpad\u011b pot\u0159eby ochotni poradit. D\u00edky tomu pak sn\u00e1ze vyberete ten nejvhodn\u011bj\u0161\u00ed.                                                                                                                                                                                                                                                                                                                                                                                          3.7\/5 - (10 votes)        "},{"@context":"https:\/\/schema.org\/","@type":"BreadcrumbList","itemListElement":[{"@type":"ListItem","position":1,"name":"Je lep\u0161\u00ed m\u00edt na party stan pron\u00e1jem, nebo si koupit vlastn\u00ed?","item":"https:\/\/www.marcal.cz\/je-lepsi-mit-na-party-stan-pronajem-nebo-si-koupit-vlastni\/#breadcrumbitem"}]}]