[{"@context":"https:\/\/schema.org\/","@type":"Article","@id":"https:\/\/www.marcal.cz\/kam-k-mori-s-nejmensimi-detmi-vybirejte-destinaci-peclive-a-vzdy-podle-veku-ditete\/#Article","mainEntityOfPage":"https:\/\/www.marcal.cz\/kam-k-mori-s-nejmensimi-detmi-vybirejte-destinaci-peclive-a-vzdy-podle-veku-ditete\/","headline":"Kam k mo\u0159i s nejmen\u0161\u00edmi d\u011btmi? Vyb\u00edrejte destinaci pe\u010dliv\u011b a v\u017edy podle v\u011bku d\u00edt\u011bte!","name":"Kam k mo\u0159i s nejmen\u0161\u00edmi d\u011btmi? Vyb\u00edrejte destinaci pe\u010dliv\u011b a v\u017edy podle v\u011bku d\u00edt\u011bte!","description":"Ji\u017e te\u010f p\u0159em\u00fd\u0161l\u00edte o letn\u00ed dovolen\u00e9 a r\u00e1di byste se i s d\u011btmi pod\u00edvali k mo\u0159i? Pokud vyb\u00edr\u00e1te destinaci, berte\u00a0ohled na v\u011bk d\u011bt\u00ed. Kam vyrazit &hellip; ","datePublished":"2022-03-30","dateModified":"2023-05-01","author":{"@type":"Person","@id":"https:\/\/www.marcal.cz\/author\/#Person","name":"","url":"https:\/\/www.marcal.cz\/author\/","identifier":1,"image":{"@type":"ImageObject","@id":"https:\/\/secure.gravatar.com\/avatar\/a1f3afbcba6a2c855138f9932fa7e5ab7d93bdcdef3da88e8b7e3a89881e43e8?s=96&d=mm&r=g","url":"https:\/\/secure.gravatar.com\/avatar\/a1f3afbcba6a2c855138f9932fa7e5ab7d93bdcdef3da88e8b7e3a89881e43e8?s=96&d=mm&r=g","height":96,"width":96}},"publisher":{"@type":"Organization","name":"marcal.cz","logo":{"@type":"ImageObject","@id":"\/logo.png","url":"\/logo.png","width":600,"height":60}},"image":{"@type":"ImageObject","@id":"https:\/\/www.marcal.cz\/wp-content\/uploads\/adult-1807500__340.jpg","url":"https:\/\/www.marcal.cz\/wp-content\/uploads\/adult-1807500__340.jpg","height":0,"width":0},"url":"https:\/\/www.marcal.cz\/kam-k-mori-s-nejmensimi-detmi-vybirejte-destinaci-peclive-a-vzdy-podle-veku-ditete\/","about":["Dovolen\u00e1"],"wordCount":578,"articleBody":"Ji\u017e te\u010f p\u0159em\u00fd\u0161l\u00edte o letn\u00ed dovolen\u00e9 a r\u00e1di byste se i s d\u011btmi pod\u00edvali k mo\u0159i? Pokud vyb\u00edr\u00e1te destinaci, berte\u00a0ohled na v\u011bk d\u011bt\u00ed. Kam vyrazit s nejmen\u0161\u00edmi?\u00a0Kam k mo\u0159i s nejmen\u0161\u00edmi d\u011btmi? Vyb\u00edrejte destinaci pe\u010dliv\u011b a v\u017edy podle v\u011bku d\u00edt\u011bte!\u00a0Pokud se chcete v l\u00e9t\u011b pod\u00edvat k mo\u0159i a z\u00e1rove\u0148 byste r\u00e1di na\u0161li co nejlep\u0161\u00ed a nejv\u00fdhodn\u011bj\u0161\u00ed nab\u00eddky na letn\u00ed dovolenou, je pr\u00e1v\u011b te\u010f nejlep\u0161\u00ed doba za\u010d\u00edt n\u011bco hledat. Budete sebou br\u00e1t i sv\u00e9 d\u011bti? Vyb\u00edrejte destinaci podle toho, kolik je d\u011btem let, aby si i ti nejmen\u0161\u00ed dovolenou u\u017eili a tak\u00e9 proto, abyste byli p\u0159ipraveni na v\u0161echno. Kam s d\u011btmi, aby dovolen\u00e1 prob\u011bhla bez pot\u00ed\u017e\u00ed? Myslete i na vzd\u00e1lenost destinace, proto\u017ee dlouh\u00e1 cesta k mo\u0159i mal\u00fdm d\u011btem \u00fapln\u011b nesv\u011bd\u010d\u00ed.\u00a0Na dovolenou s t\u011bmi nejmen\u0161\u00edmi\u00a0Pokud m\u00e1te doma d\u00edtko je\u0161t\u011b mal\u00e9 a nejsou mu ani t\u0159i roky, je t\u0159eba se zamyslet nad t\u00edm, jak dlouho d\u00edt\u011b zvl\u00e1dne v klidu sed\u011bt v letadle \u010di autobuse. Pokud jedete vlastn\u00edm autem, m\u016f\u017eete m\u00edt zna\u010dnou v\u00fdhodu, ale ani tak by cesta nem\u011bla trvat p\u0159\u00edli\u0161 dlouho. I pom\u011brn\u011b bl\u00edzk\u00e9 destinace jsou n\u00e1dhern\u00e9 a pro d\u011bti ide\u00e1ln\u00ed, nap\u0159\u00edklad \u0158ecko nebo Bulharsko budou skv\u011blou volbou. Pr\u00e1v\u011b p\u00eds\u010dit\u00e9 pl\u00e1\u017ee s velmi pozvoln\u00fdm vstupem do vody jsou pro mal\u00e9 d\u011bti ide\u00e1ln\u00ed. Na p\u00eds\u010dit\u00e9 pl\u00e1\u017ei se d\u011bti nav\u00edc vyhraj\u00ed a zabav\u00ed se. P\u0159em\u00fd\u0161lejte ale i nad t\u00edm, zda hotel nab\u00edz\u00ed i jin\u00e9 vy\u017eit\u00ed pro d\u011bti. D\u011btsk\u00fd baz\u00e9n se skluzavkou, d\u011btsk\u00fd koutek \u010di anima\u010dn\u00ed programy. V m\u00edst\u011b dovolen\u00e9 by m\u011bla b\u00fdt i dob\u0159e dostupn\u00e1 l\u00e9ka\u0159sk\u00e1 p\u00e9\u010de, pobl\u00ed\u017e hledejte l\u00e9k\u00e1rnu nebo obchod s b\u011b\u017en\u00fdmi potravinami a hygienick\u00fdmi pom\u016fckami. To v\u0161echno v\u00e1m zajist\u00ed, \u017ee dovolen\u00e1 s nejmen\u0161\u00edmi prob\u011bhne hladce a v\u0161ichni si ji u\u017eijete.\u00a0S v\u011bt\u0161\u00edmi d\u011btmi do v\u011bt\u0161\u00edho dobrodru\u017estv\u00edV\u011bt\u0161\u00ed d\u011bti, zejm\u00e9na ty kter\u00e9 ji\u017e chod\u00ed do \u0161koly, se u\u017e nemus\u00edte tolik b\u00e1t vz\u00edt n\u011bkam d\u00e1l. Takov\u00e9 d\u011bti u\u017e budou zvl\u00e1dat i del\u0161\u00ed cesty, v\u00fdlety a m\u016f\u017eete s nimi za\u017e\u00edt i ak\u010dn\u00ed dovolenou podle sv\u00fdch p\u0159edstav a mo\u017enost\u00ed. Plusem je, \u017ee v\u011bt\u0161\u00edch d\u011bt\u00ed se u\u017e rovn\u011b\u017e m\u016f\u017eete zeptat, kam by se cht\u011bly pod\u00edvat, m\u016f\u017eete tedy vyb\u00edrat dovolenou spole\u010dn\u011b. Kamkoliv vyraz\u00edte, d\u011btem se to obvykle bude l\u00edbit, v\u017edy ale myslete na to, zda je destinace bezpe\u010dn\u00e1 a vhodn\u00e1 pro d\u011bti. Ka\u017edop\u00e1dn\u011b u\u017e m\u016f\u017eete vyrazit i na del\u0161\u00ed cesty.\u00a0Pozor na m\u00edsta, kter\u00e1 jsou ur\u010dena jen pro v\u00fdborn\u00e9 plavce, pokud jedete s d\u011btmi k mo\u0159i, m\u011bli byste m\u00edt jistotu, \u017ee vstup do mo\u0159e bude s pl\u00e1\u017ee dob\u0159e dostupn\u00fd. D\u011bti jist\u011b nebudete cht\u00edt nechat sk\u00e1kat do vody ze skal a podobn\u011b.\u00a0                                                                                                                                                                                                                                                                                                                                                                                        4.1\/5 - (11 votes)        "},{"@context":"https:\/\/schema.org\/","@type":"BreadcrumbList","itemListElement":[{"@type":"ListItem","position":1,"name":"Kam k mo\u0159i s nejmen\u0161\u00edmi d\u011btmi? Vyb\u00edrejte destinaci pe\u010dliv\u011b a v\u017edy podle v\u011bku d\u00edt\u011bte!","item":"https:\/\/www.marcal.cz\/kam-k-mori-s-nejmensimi-detmi-vybirejte-destinaci-peclive-a-vzdy-podle-veku-ditete\/#breadcrumbitem"}]}]