[{"@context":"https:\/\/schema.org\/","@type":"Article","@id":"https:\/\/www.marcal.cz\/ktery-den-v-tydnu-bychom-radeji-nemeli-vubec-cestovat-autem\/#Article","mainEntityOfPage":"https:\/\/www.marcal.cz\/ktery-den-v-tydnu-bychom-radeji-nemeli-vubec-cestovat-autem\/","headline":"Kter\u00fd den v t\u00fddnu bychom rad\u011bji nem\u011bli v\u016fbec cestovat autem","name":"Kter\u00fd den v t\u00fddnu bychom rad\u011bji nem\u011bli v\u016fbec cestovat autem","description":"Zaj\u00edmav\u00e9 v\u00fdsledky se m\u016f\u017eeme dozv\u011bd\u011bt ze statistik o silni\u010dn\u00edm provozu v\u00a0souvislosti s\u00a0bezpe\u010dn\u00fdm cestov\u00e1n\u00edm. I kdy\u017e se mezi n\u00e1mi najdou milovn\u00edci adrenalinu, kte\u0159\u00ed jej vyhled\u00e1vaj\u00ed i &hellip; ","datePublished":"2025-03-03","dateModified":"2023-05-01","author":{"@type":"Person","@id":"https:\/\/www.marcal.cz\/author\/#Person","name":"","url":"https:\/\/www.marcal.cz\/author\/","identifier":1,"image":{"@type":"ImageObject","@id":"https:\/\/secure.gravatar.com\/avatar\/a1f3afbcba6a2c855138f9932fa7e5ab7d93bdcdef3da88e8b7e3a89881e43e8?s=96&d=mm&r=g","url":"https:\/\/secure.gravatar.com\/avatar\/a1f3afbcba6a2c855138f9932fa7e5ab7d93bdcdef3da88e8b7e3a89881e43e8?s=96&d=mm&r=g","height":96,"width":96}},"publisher":{"@type":"Organization","name":"marcal.cz","logo":{"@type":"ImageObject","@id":"\/logo.png","url":"\/logo.png","width":600,"height":60}},"image":{"@type":"ImageObject","@id":"https:\/\/www.marcal.cz\/wp-content\/uploads\/img_a314673_w2518_t1525642663.jpg","url":"https:\/\/www.marcal.cz\/wp-content\/uploads\/img_a314673_w2518_t1525642663.jpg","height":0,"width":0},"url":"https:\/\/www.marcal.cz\/ktery-den-v-tydnu-bychom-radeji-nemeli-vubec-cestovat-autem\/","about":["Auto moto"],"wordCount":533,"articleBody":"Zaj\u00edmav\u00e9 v\u00fdsledky se m\u016f\u017eeme dozv\u011bd\u011bt ze statistik o silni\u010dn\u00edm provozu v\u00a0souvislosti s\u00a0bezpe\u010dn\u00fdm cestov\u00e1n\u00edm. I kdy\u017e se mezi n\u00e1mi najdou milovn\u00edci adrenalinu, kte\u0159\u00ed jej vyhled\u00e1vaj\u00ed i na d\u00e1lnic\u00edch a v\u00a0rychl\u00fdch silni\u010dn\u00edch taz\u00edch, v\u011bt\u0161ina zodpov\u011bdn\u00fdch a rozumn\u00fdch \u0159idi\u010d\u016f, zejm\u00e9na s\u00a0mal\u00fdmi\u00a0d\u011btmi, se rad\u011bji vyh\u00fdb\u00e1 konfliktn\u00edm situac\u00edm a bezpe\u010dnost na cest\u00e1ch pova\u017euje za z\u00e1kladn\u00ed krit\u00e9rium.\u00a0 Kdy bychom tedy m\u011bli usednout za volant, abychom vystavili svou rodinu i sebe co nejmen\u0161\u00edmu nebezpe\u010d\u00ed?Na tuto ot\u00e1zku se pokus\u00edme odpov\u011bd\u011bt prost\u0159ednictv\u00edm zji\u0161t\u011bn\u00e9ho po\u010dtu dopravn\u00edch nehod v\u00a0letech 2010 \u2013 2015, kdy do\u0161lo ke zran\u011bn\u00ed, nebo \u00famrt\u00ed z\u00fa\u010dastn\u011bn\u00fdch osob.V\u00a0prvn\u00ed \u0159ad\u011b je t\u0159eba si uv\u011bdomit, \u017ee k\u00a0dopravn\u00edm nehod\u00e1m doch\u00e1z\u00ed, bohu\u017eel, ka\u017ed\u00fd den v\u00a0t\u00fddnu. Rozd\u00edly v\u00a0po\u010dtu nehod v\u00a0jednotliv\u00fdch dnech jsou sice mal\u00e9, ale p\u0159esto znateln\u00e9. Pochopiteln\u011b tak\u00e9 z\u00e1le\u017e\u00ed na p\u0159\u00ed\u010din\u00e1ch t\u011bchto ud\u00e1lost\u00ed a na denn\u00ed dob\u011b, ov\u0161em je nesporn\u00e9, \u017ee n\u011bkter\u00e9 dny v\u00a0t\u00fddnu jsou doslova kritick\u00e9, zat\u00edmco jin\u00e9 naopak velmi pohodov\u00e9.M\u016f\u017eete si tedy b\u00fdt jisti, \u017ee nejkriti\u010dt\u011bj\u0161\u00edm dnem b\u00fdv\u00e1 p\u00e1tek. Lid\u00e9 posp\u00edchaj\u00ed dom\u016f z\u00a0pr\u00e1ce, aby pro\u017eili co nejdel\u0161\u00ed dny volna, a v\u00a0p\u00e1tek se v\u011bt\u0161inou cestuje na chaty, chalupy, nebo na rekreaci v\u00a0hotel\u00edch a penzionech.\u00a0 \u0158idi\u010di b\u00fdvaj\u00ed \u010dasto unaven\u00ed z\u00a0t\u00fddenn\u00edho pracovn\u00edho cyklu a k\u00a0pohodov\u00e9 j\u00edzd\u011b nep\u0159isp\u00edvaj\u00ed ani z\u00e1cpy a kolony na silnic\u00edch.Druh\u00fd nejhor\u0161\u00ed den pro cestov\u00e1n\u00ed je pond\u011bl\u00ed. V\u011bt\u0161ina z\u00a0n\u00e1s je ji\u017e od r\u00e1na vystavena stresu \u2013 po v\u00edkendu n\u00e1siln\u011b vst\u00e1vat, rychle se nasn\u00eddat, sp\u011bchat do zam\u011bstn\u00e1n\u00ed, nav\u00edc velmi houstne provoz zejm\u00e9na ve m\u011bstech.Ve st\u0159edu je situace obt\u00ed\u017en\u00e1 podobn\u011b, jako v\u00a0pond\u011bl\u00ed. Za\u010d\u00edn\u00e1 se projevovat \u00fanava z\u00a0prvn\u00edch t\u0159\u00ed pracovn\u00edch dn\u016f a lid\u00e9 \u010dasto p\u0159em\u00fd\u0161l\u00ed, co je t\u0159eba nakoupit na v\u00edkend. My\u0161lenkami jsou \u010dasto mimo realitu, a to m\u016f\u017ee zp\u016fsobit dopravn\u00ed nehodu.Podobn\u00e9 je to i ve\u010dtvrtek, kdy se takov\u00e9 my\u0161lenky je\u0161t\u011b stup\u0148uj\u00ed, a tak podle statistik jsou tyto dny na tom podobn\u011b, jako st\u0159eda.Nejklidn\u011bj\u0161\u00ed t\u0159i dny pro cestov\u00e1n\u00ed jsou \u00fater\u00fd, sobota a ned\u011ble. O v\u00edkendech, krom\u011b ned\u011bln\u00ed \u0161pi\u010dky, lid\u00e9 nejsou vystaveni stresu, jsou odpo\u010dat\u00ed, a na silnici v\u011bt\u0161inou ohledupln\u00ed. A pro\u010d zrovna \u00fater\u00fd je vhodn\u00fdm dnem? Pon\u011bvad\u017e ji\u017e pominul pond\u011bln\u00ed p\u0159echodov\u00fd stres z\u00a0volna do pracovn\u00edho z\u00e1b\u011bru, lid\u00e9 jsou ji\u017e \u201erozb\u011bhnut\u00ed\u201c do pracovn\u00edho tempa, ale st\u00e1le maj\u00ed dostatek sil. V\u011bt\u0161inu dopravn\u00edch nehod a \u00faraz\u016f obecn\u011b toti\u017e zp\u016fsobuje p\u0159edev\u0161\u00edm nedostatek pozornosti a \u00fanava = stres.                                                                                                                                                                                                                                                                                                                                                                                        4.1\/5 - (9 votes)        "},{"@context":"https:\/\/schema.org\/","@type":"BreadcrumbList","itemListElement":[{"@type":"ListItem","position":1,"name":"Kter\u00fd den v t\u00fddnu bychom rad\u011bji nem\u011bli v\u016fbec cestovat autem","item":"https:\/\/www.marcal.cz\/ktery-den-v-tydnu-bychom-radeji-nemeli-vubec-cestovat-autem\/#breadcrumbitem"}]}]