[{"@context":"https:\/\/schema.org\/","@type":"Blog","@id":"https:\/\/www.marcal.cz#Blog","headline":"Marcal","description":"\nTop\u00edte si doma a st\u00e1le to nen\u00ed na teplot\u011b zn\u00e1t? Utr\u00e1c\u00edte majlant za energie, je\u017e v\u00e1m z p\u0159\u00edbytku unikaj\u00ed jako o z\u00e1vod? Nechte se u n\u00e1s inspirovat, jak to zm\u011bnit.","url":"https:\/\/www.marcal.cz","hasPart":[{"@type":"Article","@id":"https:\/\/www.marcal.cz\/nechejte-sve-hosty-spat-na-spolehlive-sedacce\/","headline":"Nechejte sv\u00e9 hosty sp\u00e1t na spolehliv\u00e9 seda\u010dce","url":"https:\/\/www.marcal.cz\/nechejte-sve-hosty-spat-na-spolehlive-sedacce\/","datePublished":"2024-11-09","dateModified":"2024-11-09","mainEntityOfPage":"https:\/\/www.marcal.cz\/nechejte-sve-hosty-spat-na-spolehlive-sedacce\/","author":{"@type":"Person","@id":"https:\/\/www.marcal.cz\/author\/#Person","name":"","url":"https:\/\/www.marcal.cz\/author\/","identifier":1,"image":{"@type":"ImageObject","@id":"https:\/\/secure.gravatar.com\/avatar\/a1f3afbcba6a2c855138f9932fa7e5ab7d93bdcdef3da88e8b7e3a89881e43e8?s=96&d=mm&r=g","url":"https:\/\/secure.gravatar.com\/avatar\/a1f3afbcba6a2c855138f9932fa7e5ab7d93bdcdef3da88e8b7e3a89881e43e8?s=96&d=mm&r=g","height":96,"width":96}},"publisher":{"@type":"Organization","name":"marcal.cz","logo":{"@type":"ImageObject","@id":"\/logo.png","url":"\/logo.png","width":600,"height":60}},"image":null,"wordCount":298,"keywords":null},{"@type":"Article","@id":"https:\/\/www.marcal.cz\/odkazali-vas-tam-na-diskuzi\/","headline":"Odk\u00e1zali v\u00e1s tam na diskuzi","url":"https:\/\/www.marcal.cz\/odkazali-vas-tam-na-diskuzi\/","datePublished":"2024-11-03","dateModified":"2024-11-03","mainEntityOfPage":"https:\/\/www.marcal.cz\/odkazali-vas-tam-na-diskuzi\/","author":{"@type":"Person","@id":"https:\/\/www.marcal.cz\/author\/#Person","name":"","url":"https:\/\/www.marcal.cz\/author\/","identifier":1,"image":{"@type":"ImageObject","@id":"https:\/\/secure.gravatar.com\/avatar\/a1f3afbcba6a2c855138f9932fa7e5ab7d93bdcdef3da88e8b7e3a89881e43e8?s=96&d=mm&r=g","url":"https:\/\/secure.gravatar.com\/avatar\/a1f3afbcba6a2c855138f9932fa7e5ab7d93bdcdef3da88e8b7e3a89881e43e8?s=96&d=mm&r=g","height":96,"width":96}},"publisher":{"@type":"Organization","name":"marcal.cz","logo":{"@type":"ImageObject","@id":"\/logo.png","url":"\/logo.png","width":600,"height":60}},"image":null,"wordCount":303,"keywords":null},{"@type":"Article","@id":"https:\/\/www.marcal.cz\/vase-spokojenost-je-pro-nas-na-prvnim-miste\/","headline":"Va\u0161e spokojenost je pro n\u00e1s na prvn\u00edm m\u00edst\u011b","url":"https:\/\/www.marcal.cz\/vase-spokojenost-je-pro-nas-na-prvnim-miste\/","datePublished":"2024-10-27","dateModified":"2024-10-27","mainEntityOfPage":"https:\/\/www.marcal.cz\/vase-spokojenost-je-pro-nas-na-prvnim-miste\/","author":{"@type":"Person","@id":"https:\/\/www.marcal.cz\/author\/#Person","name":"","url":"https:\/\/www.marcal.cz\/author\/","identifier":1,"image":{"@type":"ImageObject","@id":"https:\/\/secure.gravatar.com\/avatar\/a1f3afbcba6a2c855138f9932fa7e5ab7d93bdcdef3da88e8b7e3a89881e43e8?s=96&d=mm&r=g","url":"https:\/\/secure.gravatar.com\/avatar\/a1f3afbcba6a2c855138f9932fa7e5ab7d93bdcdef3da88e8b7e3a89881e43e8?s=96&d=mm&r=g","height":96,"width":96}},"publisher":{"@type":"Organization","name":"marcal.cz","logo":{"@type":"ImageObject","@id":"\/logo.png","url":"\/logo.png","width":600,"height":60}},"image":null,"wordCount":328,"keywords":null},{"@type":"Article","@id":"https:\/\/www.marcal.cz\/jaderske-more-na-dosah\/","headline":"Jadersk\u00e9 mo\u0159e na dosah","url":"https:\/\/www.marcal.cz\/jaderske-more-na-dosah\/","datePublished":"2024-10-21","dateModified":"2024-10-21","mainEntityOfPage":"https:\/\/www.marcal.cz\/jaderske-more-na-dosah\/","author":{"@type":"Person","@id":"https:\/\/www.marcal.cz\/author\/#Person","name":"","url":"https:\/\/www.marcal.cz\/author\/","identifier":1,"image":{"@type":"ImageObject","@id":"https:\/\/secure.gravatar.com\/avatar\/a1f3afbcba6a2c855138f9932fa7e5ab7d93bdcdef3da88e8b7e3a89881e43e8?s=96&d=mm&r=g","url":"https:\/\/secure.gravatar.com\/avatar\/a1f3afbcba6a2c855138f9932fa7e5ab7d93bdcdef3da88e8b7e3a89881e43e8?s=96&d=mm&r=g","height":96,"width":96}},"publisher":{"@type":"Organization","name":"marcal.cz","logo":{"@type":"ImageObject","@id":"\/logo.png","url":"\/logo.png","width":600,"height":60}},"image":null,"wordCount":302,"keywords":null},{"@type":"Article","@id":"https:\/\/www.marcal.cz\/rekonstrukce-snadno-a-rychle\/","headline":"Rekonstrukce snadno a rychle","url":"https:\/\/www.marcal.cz\/rekonstrukce-snadno-a-rychle\/","datePublished":"2024-04-29","dateModified":"2024-04-29","mainEntityOfPage":"https:\/\/www.marcal.cz\/rekonstrukce-snadno-a-rychle\/","author":{"@type":"Person","@id":"https:\/\/www.marcal.cz\/author\/#Person","name":"","url":"https:\/\/www.marcal.cz\/author\/","identifier":1,"image":{"@type":"ImageObject","@id":"https:\/\/secure.gravatar.com\/avatar\/a1f3afbcba6a2c855138f9932fa7e5ab7d93bdcdef3da88e8b7e3a89881e43e8?s=96&d=mm&r=g","url":"https:\/\/secure.gravatar.com\/avatar\/a1f3afbcba6a2c855138f9932fa7e5ab7d93bdcdef3da88e8b7e3a89881e43e8?s=96&d=mm&r=g","height":96,"width":96}},"publisher":{"@type":"Organization","name":"marcal.cz","logo":{"@type":"ImageObject","@id":"\/logo.png","url":"\/logo.png","width":600,"height":60}},"image":null,"wordCount":285,"keywords":null},{"@type":"Article","@id":"https:\/\/www.marcal.cz\/nepodcente-kvalitu\/","headline":"Nepodce\u0148te kvalitu","url":"https:\/\/www.marcal.cz\/nepodcente-kvalitu\/","datePublished":"2024-04-22","dateModified":"2024-04-22","mainEntityOfPage":"https:\/\/www.marcal.cz\/nepodcente-kvalitu\/","author":{"@type":"Person","@id":"https:\/\/www.marcal.cz\/author\/#Person","name":"","url":"https:\/\/www.marcal.cz\/author\/","identifier":1,"image":{"@type":"ImageObject","@id":"https:\/\/secure.gravatar.com\/avatar\/a1f3afbcba6a2c855138f9932fa7e5ab7d93bdcdef3da88e8b7e3a89881e43e8?s=96&d=mm&r=g","url":"https:\/\/secure.gravatar.com\/avatar\/a1f3afbcba6a2c855138f9932fa7e5ab7d93bdcdef3da88e8b7e3a89881e43e8?s=96&d=mm&r=g","height":96,"width":96}},"publisher":{"@type":"Organization","name":"marcal.cz","logo":{"@type":"ImageObject","@id":"\/logo.png","url":"\/logo.png","width":600,"height":60}},"image":null,"wordCount":288,"keywords":null},{"@type":"Article","@id":"https:\/\/www.marcal.cz\/vsechny-druhy-sluzeb\/","headline":"V\u0161echny druhy slu\u017eeb","url":"https:\/\/www.marcal.cz\/vsechny-druhy-sluzeb\/","datePublished":"2024-04-17","dateModified":"2024-04-17","mainEntityOfPage":"https:\/\/www.marcal.cz\/vsechny-druhy-sluzeb\/","author":{"@type":"Person","@id":"https:\/\/www.marcal.cz\/author\/#Person","name":"","url":"https:\/\/www.marcal.cz\/author\/","identifier":1,"image":{"@type":"ImageObject","@id":"https:\/\/secure.gravatar.com\/avatar\/a1f3afbcba6a2c855138f9932fa7e5ab7d93bdcdef3da88e8b7e3a89881e43e8?s=96&d=mm&r=g","url":"https:\/\/secure.gravatar.com\/avatar\/a1f3afbcba6a2c855138f9932fa7e5ab7d93bdcdef3da88e8b7e3a89881e43e8?s=96&d=mm&r=g","height":96,"width":96}},"publisher":{"@type":"Organization","name":"marcal.cz","logo":{"@type":"ImageObject","@id":"\/logo.png","url":"\/logo.png","width":600,"height":60}},"image":null,"wordCount":295,"keywords":null},{"@type":"Article","@id":"https:\/\/www.marcal.cz\/s-kvalitnimi-foliemi-na-sklech-budete-spokojeni\/","headline":"S kvalitn\u00edmi f\u00f3liemi na sklech budete spokojen\u00ed","url":"https:\/\/www.marcal.cz\/s-kvalitnimi-foliemi-na-sklech-budete-spokojeni\/","datePublished":"2024-04-06","dateModified":"2024-04-06","mainEntityOfPage":"https:\/\/www.marcal.cz\/s-kvalitnimi-foliemi-na-sklech-budete-spokojeni\/","author":{"@type":"Person","@id":"https:\/\/www.marcal.cz\/author\/#Person","name":"","url":"https:\/\/www.marcal.cz\/author\/","identifier":1,"image":{"@type":"ImageObject","@id":"https:\/\/secure.gravatar.com\/avatar\/a1f3afbcba6a2c855138f9932fa7e5ab7d93bdcdef3da88e8b7e3a89881e43e8?s=96&d=mm&r=g","url":"https:\/\/secure.gravatar.com\/avatar\/a1f3afbcba6a2c855138f9932fa7e5ab7d93bdcdef3da88e8b7e3a89881e43e8?s=96&d=mm&r=g","height":96,"width":96}},"publisher":{"@type":"Organization","name":"marcal.cz","logo":{"@type":"ImageObject","@id":"\/logo.png","url":"\/logo.png","width":600,"height":60}},"image":null,"wordCount":286,"keywords":null},{"@type":"Article","@id":"https:\/\/www.marcal.cz\/necekejte-se-svym-podnikanim-na-urady\/","headline":"Ne\u010dekejte se sv\u00fdm podnik\u00e1n\u00edm na \u00fa\u0159ady","url":"https:\/\/www.marcal.cz\/necekejte-se-svym-podnikanim-na-urady\/","datePublished":"2024-03-31","dateModified":"2024-03-31","mainEntityOfPage":"https:\/\/www.marcal.cz\/necekejte-se-svym-podnikanim-na-urady\/","author":{"@type":"Person","@id":"https:\/\/www.marcal.cz\/author\/#Person","name":"","url":"https:\/\/www.marcal.cz\/author\/","identifier":1,"image":{"@type":"ImageObject","@id":"https:\/\/secure.gravatar.com\/avatar\/a1f3afbcba6a2c855138f9932fa7e5ab7d93bdcdef3da88e8b7e3a89881e43e8?s=96&d=mm&r=g","url":"https:\/\/secure.gravatar.com\/avatar\/a1f3afbcba6a2c855138f9932fa7e5ab7d93bdcdef3da88e8b7e3a89881e43e8?s=96&d=mm&r=g","height":96,"width":96}},"publisher":{"@type":"Organization","name":"marcal.cz","logo":{"@type":"ImageObject","@id":"\/logo.png","url":"\/logo.png","width":600,"height":60}},"image":null,"wordCount":342,"keywords":null},{"@type":"Article","@id":"https:\/\/www.marcal.cz\/samonosna-schodiste-zlepsuji-kondici-a-formuji-postavu\/","headline":"Samonosn\u00e1 schodi\u0161t\u011b zlep\u0161uj\u00ed kondici a formuj\u00ed postavu","url":"https:\/\/www.marcal.cz\/samonosna-schodiste-zlepsuji-kondici-a-formuji-postavu\/","datePublished":"2024-03-22","dateModified":"2024-04-23","mainEntityOfPage":"https:\/\/www.marcal.cz\/samonosna-schodiste-zlepsuji-kondici-a-formuji-postavu\/","author":{"@type":"Person","@id":"https:\/\/www.marcal.cz\/author\/#Person","name":"","url":"https:\/\/www.marcal.cz\/author\/","identifier":1,"image":{"@type":"ImageObject","@id":"https:\/\/secure.gravatar.com\/avatar\/a1f3afbcba6a2c855138f9932fa7e5ab7d93bdcdef3da88e8b7e3a89881e43e8?s=96&d=mm&r=g","url":"https:\/\/secure.gravatar.com\/avatar\/a1f3afbcba6a2c855138f9932fa7e5ab7d93bdcdef3da88e8b7e3a89881e43e8?s=96&d=mm&r=g","height":96,"width":96}},"publisher":{"@type":"Organization","name":"marcal.cz","logo":{"@type":"ImageObject","@id":"\/logo.png","url":"\/logo.png","width":600,"height":60}},"image":{"@type":"ImageObject","@id":"https:\/\/www.marcal.cz\/wp-content\/uploads\/stairs-7258531_640_3.jpg","url":"https:\/\/www.marcal.cz\/wp-content\/uploads\/stairs-7258531_640_3.jpg","height":0,"width":0},"wordCount":506,"keywords":null}]},{"@context":"https:\/\/schema.org","@type":"WebSite","@id":"https:\/\/www.marcal.cz\/#website","name":"Marcal","url":"https:\/\/www.marcal.cz","potentialAction":{"@type":"SearchAction","target":"https:\/\/www.marcal.cz\/?s={search_term_string}","query-input":"required name=search_term_string"}}]