[{"@context":"https:\/\/schema.org\/","@type":"Article","@id":"https:\/\/www.marcal.cz\/prohlednete-si-nasi-nabidku\/#Article","mainEntityOfPage":"https:\/\/www.marcal.cz\/prohlednete-si-nasi-nabidku\/","headline":"Prohl\u00e9dn\u011bte si na\u0161\u00ed nab\u00eddku","name":"Prohl\u00e9dn\u011bte si na\u0161\u00ed nab\u00eddku","description":"I ten nejsm\u011blej\u0161\u00ed podlah\u00e1\u0159sk\u00fd projekt jsme schopni za\u0161t\u00edtit a vytvo\u0159it. Spoj\u00edme na\u0161e spole\u010dn\u00e9 s\u00edly, d\u00e1me v\u00e1m u\u017eite\u010dn\u00e9 rady k va\u0161emu n\u00e1vrhu, aby co nejl\u00e9pe vystihoval &hellip; ","datePublished":"2024-12-27","dateModified":"2024-12-27","author":{"@type":"Person","@id":"https:\/\/www.marcal.cz\/author\/#Person","name":"","url":"https:\/\/www.marcal.cz\/author\/","identifier":1,"image":{"@type":"ImageObject","@id":"https:\/\/secure.gravatar.com\/avatar\/a1f3afbcba6a2c855138f9932fa7e5ab7d93bdcdef3da88e8b7e3a89881e43e8?s=96&d=mm&r=g","url":"https:\/\/secure.gravatar.com\/avatar\/a1f3afbcba6a2c855138f9932fa7e5ab7d93bdcdef3da88e8b7e3a89881e43e8?s=96&d=mm&r=g","height":96,"width":96}},"publisher":{"@type":"Organization","name":"marcal.cz","logo":{"@type":"ImageObject","@id":"\/logo.png","url":"\/logo.png","width":600,"height":60}},"url":"https:\/\/www.marcal.cz\/prohlednete-si-nasi-nabidku\/","wordCount":187,"articleBody":"I ten nejsm\u011blej\u0161\u00ed podlah\u00e1\u0159sk\u00fd projekt jsme schopni za\u0161t\u00edtit a vytvo\u0159it. Spoj\u00edme na\u0161e spole\u010dn\u00e9 s\u00edly, d\u00e1me v\u00e1m u\u017eite\u010dn\u00e9 rady k va\u0161emu n\u00e1vrhu, aby co nejl\u00e9pe vystihoval spojen\u00ed v\u00e1s a va\u0161eho domova. D\u0159ev\u011bn\u00e9 podlahy v\u00e1m poskytnou takov\u00fd servis, o jak\u00e9m ani nesn\u00edte. Nebojte se d\u0159eva. Nejste si jist\u00ed, jestli v\u00e1m d\u0159ev\u011bn\u00e9 podlahy, kter\u00e9 jste si nechali zhotovit, vydr\u017e\u00ed? Nem\u011bjte strach, n\u00e1\u0161 person\u00e1l je v p\u00e9\u010di o podlahy vy\u0161kolen\u00fd, p\u0159i pokl\u00e1dce v\u00e1m poskytne po\u017eadovan\u00e9 informace, nav\u00edc si u n\u011bj m\u016f\u017eete zakoupit i ty spr\u00e1vn\u00e9 p\u0159\u00edpravky pro dobrou p\u00e9\u010di o v\u0161echno, co tuto p\u00e9\u010di vy\u017eaduje. Na\u0161e firma poskytuje pln\u00fd servis. U n\u00e1s to nejsou jen plan\u00e1 slova. Interi\u00e9rov\u00e9 dve\u0159e D\u0159ev\u011bn\u00e9 podlahy nemaj\u00ed v objektu takov\u00fd efekt, kdy\u017e nad nimi stoj\u00ed oby\u010dejn\u00e9 plastov\u00e9 dve\u0159e. Prohl\u00e9dn\u011bte si na\u0161\u00ed nab\u00eddku, mo\u017en\u00e1 si vyberete dal\u0161\u00ed v\u011bci.                                                                                                                                                                                                                                                                                                                                                                                        4\/5 - (2 votes)        "},{"@context":"https:\/\/schema.org\/","@type":"BreadcrumbList","itemListElement":[{"@type":"ListItem","position":1,"name":"Prohl\u00e9dn\u011bte si na\u0161\u00ed nab\u00eddku","item":"https:\/\/www.marcal.cz\/prohlednete-si-nasi-nabidku\/#breadcrumbitem"}]}]