[{"@context":"https:\/\/schema.org\/","@type":"Article","@id":"https:\/\/www.marcal.cz\/rozdeleni-zivnosti\/#Article","mainEntityOfPage":"https:\/\/www.marcal.cz\/rozdeleni-zivnosti\/","headline":"Rozd\u011blen\u00ed \u017eivnost\u00ed","name":"Rozd\u011blen\u00ed \u017eivnost\u00ed","description":"Nejd\u0159\u00edve si p\u0159ipomeneme, co \u017eivnost vlastn\u011b je. Je to soustavn\u00e1 \u010dinnost provozov\u00e1na samostatn\u011b, vlastn\u00edm jm\u00e9nem a na vlastn\u00ed odpov\u011bdnost za \u00fa\u010delem dosa\u017een\u00ed co nejvy\u0161\u0161\u00edho zisku. &hellip; ","datePublished":"2019-06-11","dateModified":"2023-05-01","author":{"@type":"Person","@id":"https:\/\/www.marcal.cz\/author\/#Person","name":"","url":"https:\/\/www.marcal.cz\/author\/","identifier":1,"image":{"@type":"ImageObject","@id":"https:\/\/secure.gravatar.com\/avatar\/a1f3afbcba6a2c855138f9932fa7e5ab7d93bdcdef3da88e8b7e3a89881e43e8?s=96&d=mm&r=g","url":"https:\/\/secure.gravatar.com\/avatar\/a1f3afbcba6a2c855138f9932fa7e5ab7d93bdcdef3da88e8b7e3a89881e43e8?s=96&d=mm&r=g","height":96,"width":96}},"publisher":{"@type":"Organization","name":"marcal.cz","logo":{"@type":"ImageObject","@id":"\/logo.png","url":"\/logo.png","width":600,"height":60}},"image":{"@type":"ImageObject","@id":"https:\/\/www.marcal.cz\/wp-content\/uploads\/img_a351386_w2518_t1566042848.jpg","url":"https:\/\/www.marcal.cz\/wp-content\/uploads\/img_a351386_w2518_t1566042848.jpg","height":0,"width":0},"url":"https:\/\/www.marcal.cz\/rozdeleni-zivnosti\/","about":["Podnik\u00e1n\u00ed"],"wordCount":360,"articleBody":"Nejd\u0159\u00edve si p\u0159ipomeneme, co \u017eivnost vlastn\u011b je. Je to soustavn\u00e1 \u010dinnost provozov\u00e1na samostatn\u011b, vlastn\u00edm jm\u00e9nem a na vlastn\u00ed odpov\u011bdnost za \u00fa\u010delem dosa\u017een\u00ed co nejvy\u0161\u0161\u00edho zisku. A nyn\u00ed se pod\u00edv\u00e1me na ka\u017edou \u017eivnost jednotliv\u011b a detailn\u011b.Jejich \u00fapln\u011b nejjednodu\u0161\u0161\u00ed rozd\u011blen\u00ed je na \u017eivnost koncesovanou a \u017eivnost ohla\u0161ovac\u00ed. A ty \u017eivnosti ohla\u0161ovac\u00ed se je\u0161t\u011b d\u011bl\u00ed na t\u0159i skupiny. Jako \u017eivnosti \u0159emesln\u00e9, v\u00e1zan\u00e9 a voln\u00e9. Dalo by se \u0159\u00edct, \u017ee z\u00a0nich nejroz\u0161\u00ed\u0159en\u011bj\u0161\u00ed m\u016f\u017eeme pova\u017eovat \u017eivnost volnou. Jak u\u017e n\u00e1m jej\u00ed n\u00e1zev napov\u00edd\u00e1 nen\u00ed nutn\u00e9 k\u00a0jej\u00edmu provozov\u00e1n\u00ed m\u00edt odbornou zp\u016fsobilost. To v\u0161ak neplat\u00ed pro zbyl\u00e9 dv\u011b. I pro jak \u017eivnost \u0159emeslnou i v\u00e1zanou je nutn\u00e9 z\u00edskat odbornou zp\u016fsobilost. Za to \u017eivnosti koncesovan\u00e9 jsou provozov\u00e1ny pouze na z\u00e1klad\u011b koncese. Koncese je \u00fa\u0159edn\u00ed povolen\u00ed k\u00a0provozov\u00e1n\u00ed ur\u010dit\u00e9 profese \u010di \u010dinnosti. Koncesi v\u017edy p\u0159id\u011bluje \u017eivnostensk\u00fd \u00fa\u0159ad. Mimo jin\u00e9 jsem pat\u0159\u00ed nap\u0159\u00edklad taxi slu\u017eba, pyrotechnika, prodej zbran\u00ed a st\u0159eliva nebo ostraha majetku osob, balzamace, konzervace. Mezi \u017eivnosti \u0159emesln\u00e9, jak u\u017e n\u00e1zev nazna\u010duje za\u0159azujeme \u0159emesla. Jako je t\u0159eba kade\u0159nice nebo \u0159ezn\u00edk. Do v\u00e1zan\u00fdch spadaj\u00ed \u00fa\u010detn\u00ed, projektant.P\u0159i dokazov\u00e1n\u00ed odbornosti je d\u016fle\u017eit\u00e9 p\u0159edlo\u017eit ukon\u010den\u00e9 st\u0159edn\u00ed vzd\u011bl\u00e1n\u00ed nebo v\u00fdu\u010dn\u00ed list v\u00a0p\u0159\u00edslu\u0161n\u00e9m oboru \u010di \u010dinnosti. Pop\u0159\u00edpad\u011b \u0159\u00e1dn\u00e9 ukon\u010den\u00ed rekvalifikace v\u00a0ur\u010dit\u00e9 pracovn\u00ed \u010dinnosti schv\u00e1leno Ministerstvem \u0161kolstv\u00ed anebo ministerstvem, do jeho\u017e p\u016fsobnosti zam\u011b\u0159en\u00ed spad\u00e1. Do \u017eivnosti voln\u00e9 spad\u00e1 asi osmdes\u00e1t oblast\u00ed. Nam\u00e1tkou jsem n\u011bkolik z\u00a0nich vybrala. A to chov zv\u00ed\u0159at a jejich v\u00fdcvik, v\u00fdroba textili\u00ed, oprava obuvi, povrchov\u00e9 \u00fapravy a sva\u0159ov\u00e1n\u00ed kov\u016f a dal\u0161\u00edch materi\u00e1l\u016f. Mezi dal\u0161\u00ed pat\u0159\u00ed v\u00fdroba zdravotnick\u00fdch prost\u0159edk\u016f, velkoobchod, maloobchod. Tak toto je z\u00e1kladn\u00ed rozd\u011blen\u00ed \u017eivnost\u00ed. A v\u00a0neposedn\u00ed \u0159ad\u011b dal\u0161\u00ed d\u011blen\u00ed podle druhu \u010dinnosti. A to na obchodn\u00ed, v\u00fdrobn\u00ed a poskytov\u00e1n\u00ed slu\u017eeb.                                                                                                                                                                                                                                                                                                                                                                                        3.9\/5 - (10 votes)        "},{"@context":"https:\/\/schema.org\/","@type":"BreadcrumbList","itemListElement":[{"@type":"ListItem","position":1,"name":"Rozd\u011blen\u00ed \u017eivnost\u00ed","item":"https:\/\/www.marcal.cz\/rozdeleni-zivnosti\/#breadcrumbitem"}]}]