[{"@context":"https:\/\/schema.org\/","@type":"Article","@id":"https:\/\/www.marcal.cz\/stojany-na-kola\/#Article","mainEntityOfPage":"https:\/\/www.marcal.cz\/stojany-na-kola\/","headline":"Stojany na kola","name":"Stojany na kola","description":"Pokud jste podnikatel a l\u00e1mete si hlavu s t\u00edm, jak p\u0159il\u00e1kat do va\u0161\u00ed provozovny je\u0161t\u011b v\u00edce z\u00e1kazn\u00edk\u016f, zkuste stojany na kola. Mo\u017en\u00e1 budete p\u0159ekvapeni, jak &hellip; ","datePublished":"2025-01-07","dateModified":"2025-01-07","author":{"@type":"Person","@id":"https:\/\/www.marcal.cz\/author\/#Person","name":"","url":"https:\/\/www.marcal.cz\/author\/","identifier":1,"image":{"@type":"ImageObject","@id":"https:\/\/secure.gravatar.com\/avatar\/a1f3afbcba6a2c855138f9932fa7e5ab7d93bdcdef3da88e8b7e3a89881e43e8?s=96&d=mm&r=g","url":"https:\/\/secure.gravatar.com\/avatar\/a1f3afbcba6a2c855138f9932fa7e5ab7d93bdcdef3da88e8b7e3a89881e43e8?s=96&d=mm&r=g","height":96,"width":96}},"publisher":{"@type":"Organization","name":"marcal.cz","logo":{"@type":"ImageObject","@id":"\/logo.png","url":"\/logo.png","width":600,"height":60}},"url":"https:\/\/www.marcal.cz\/stojany-na-kola\/","wordCount":202,"articleBody":"Pokud jste podnikatel a l\u00e1mete si hlavu s t\u00edm, jak p\u0159il\u00e1kat do va\u0161\u00ed provozovny je\u0161t\u011b v\u00edce z\u00e1kazn\u00edk\u016f, zkuste stojany na kola. Mo\u017en\u00e1 budete p\u0159ekvapeni, jak rychle najdou sv\u00e9 vyu\u017eit\u00ed. Nen\u00ed v\u00fdjimkou, \u017ee na p\u0159\u00edznivce kol a cyklistiky v\u016fbec, se dnes obecn\u011b p\u0159\u00edli\u0161 nemysl\u00ed. P\u0159itom jich je mezi n\u00e1mi spousta a nejeden z n\u00e1s by leckdy rad\u011bji vyu\u017eil kola m\u00edsto j\u00edzdy m\u011bstskou dopravou. U\u017eil si kr\u00e1sn\u00e9ho po\u010das\u00ed, \u010derstv\u00e9ho vzduchu a pocitu svobody z j\u00edzdy samotn\u00e9. Jen\u017ee ve m\u011bst\u011b i p\u0159ed restauracemi chyb\u011bj\u00ed stojany na kola, co\u017e pr\u00e1v\u011b cyklist\u016fm d\u011bl\u00e1 nejv\u011bt\u0161\u00ed vr\u00e1sky na \u010dele. Nen\u00ed se \u010demu divit. Riskovat jeho ztr\u00e1tu, poni\u010den\u00ed p\u0159i p\u00e1du nebo jin\u00e9 znehodnocen\u00ed, se nikomu z n\u00e1s nechce. Dejte cyklist\u016fm \u0161anci Vy\u0159e\u0161te to t\u00edm, \u017ee si stojany na kola po\u0159\u00edd\u00edte. Pr\u00e1v\u011b u n\u00e1s jsme se na jejich prodej zam\u011b\u0159ili a nab\u00edz\u00edme v\u00e1m to nejlep\u0161\u00ed, co je na sou\u010dasn\u00e9m trhu k dispozici.                                                                                                                                                                                                                                                                                                                                                                                        4.2\/5 - (5 votes)        "},{"@context":"https:\/\/schema.org\/","@type":"BreadcrumbList","itemListElement":[{"@type":"ListItem","position":1,"name":"Stojany na kola","item":"https:\/\/www.marcal.cz\/stojany-na-kola\/#breadcrumbitem"}]}]