[{"@context":"https:\/\/schema.org\/","@type":"Article","@id":"https:\/\/www.marcal.cz\/vybavujeme-jidelni-kout-novym-nabytkem\/#Article","mainEntityOfPage":"https:\/\/www.marcal.cz\/vybavujeme-jidelni-kout-novym-nabytkem\/","headline":"Vybavujeme j\u00eddeln\u00ed kout nov\u00fdm n\u00e1bytkem","name":"Vybavujeme j\u00eddeln\u00ed kout nov\u00fdm n\u00e1bytkem","description":"Uva\u017eujete nebo ji\u017e dokonce m\u00e1te novou kuchy\u0148skou linku a sch\u00e1z\u00ed v\u00e1m k n\u00ed vhodn\u00fd j\u00eddeln\u00ed st\u016fl a \u017eidle? M\u00e1te alespo\u0148 zevrubnou p\u0159edstavu o tom, jak &hellip; ","datePublished":"2024-12-10","dateModified":"2024-12-10","author":{"@type":"Person","@id":"https:\/\/www.marcal.cz\/author\/#Person","name":"","url":"https:\/\/www.marcal.cz\/author\/","identifier":1,"image":{"@type":"ImageObject","@id":"https:\/\/secure.gravatar.com\/avatar\/a1f3afbcba6a2c855138f9932fa7e5ab7d93bdcdef3da88e8b7e3a89881e43e8?s=96&d=mm&r=g","url":"https:\/\/secure.gravatar.com\/avatar\/a1f3afbcba6a2c855138f9932fa7e5ab7d93bdcdef3da88e8b7e3a89881e43e8?s=96&d=mm&r=g","height":96,"width":96}},"publisher":{"@type":"Organization","name":"marcal.cz","logo":{"@type":"ImageObject","@id":"\/logo.png","url":"\/logo.png","width":600,"height":60}},"image":{"@type":"ImageObject","@id":"https:\/\/www.marcal.cz\/wp-content\/uploads\/cafe-5635015_640.jpg","url":"https:\/\/www.marcal.cz\/wp-content\/uploads\/cafe-5635015_640.jpg","height":0,"width":0},"url":"https:\/\/www.marcal.cz\/vybavujeme-jidelni-kout-novym-nabytkem\/","about":["N\u00e1kupy"],"wordCount":417,"articleBody":"        Uva\u017eujete nebo ji\u017e dokonce m\u00e1te novou kuchy\u0148skou linku a sch\u00e1z\u00ed v\u00e1m k n\u00ed vhodn\u00fd j\u00eddeln\u00ed st\u016fl a \u017eidle? M\u00e1te alespo\u0148 zevrubnou p\u0159edstavu o tom, jak toto budete \u0159e\u0161it? Co se t\u00fd\u010de samotn\u00fdch \u017eidl\u00ed, nab\u00edz\u00ed se zde n\u011bkolik mo\u017enost\u00ed. D\u00e1te-li p\u0159ednost d\u0159ev\u011bn\u00e9mu masivu a po\u0159\u00edd\u00edte-li \u017eidle celod\u0159ev\u011bn\u00e9, napodobuj\u00edc\u00ed selsk\u00fd styl, anebo budete v kuchyni preferovat d\u0159ev\u011bn\u00e9 lavice, s t\u00edmto \u0159e\u0161en\u00edm usp\u011bjete nap\u0159\u00edklad u rustik\u00e1ln\u00edch kuchyn\u00ed. D\u00e1le mohou b\u00fdt v kuchyni d\u0159ev\u011bn\u00e9 \u017eidle opat\u0159en\u00e9 \u010daloun\u011bn\u00edm a dal\u0161\u00ed mo\u017enost\u00ed \u0159e\u0161en\u00ed jsou \u017eidle plastov\u00e9, nap\u0159\u00edklad z tvrzen\u00e9ho plastu ve skandin\u00e1vsk\u00e9m stylu. Ty se nav\u00edc vyr\u00e1b\u00ed v mnoha kr\u00e1sn\u00fdch pastelov\u00fdch barv\u00e1ch a va\u0161i kuchyni mohou \u00fa\u017easn\u011b rozveselit.Jestli\u017ee u v\u00e1s nakonec zv\u00edt\u011bz\u00ed \u017eidle bez \u010daloun\u011bn\u00ed, m\u016f\u017ee p\u0159ij\u00edt vhod po\u0159\u00edzen\u00ed molitanu na podsed\u00e1ky \u010calounick\u00fd materi\u00e1l. Vypln\u00edte j\u00edm pat\u0159i\u010dn\u00e9 potahy, zakoupen\u00e9 v obchodech, anebo si potahy u\u0161ijete sami sv\u00e9pomoc\u00ed, a zde bychom v\u00e1m r\u00e1di nazna\u010dili, \u017ee tu m\u00e1te obrovsk\u00e9 pole p\u016fsobnosti, co se t\u00fd\u010de vlastn\u00ed tvo\u0159ivosti. Podsed\u00e1ky na \u017eidle lze toti\u017e vyr\u00e1b\u011bt v r\u016fzn\u00fdch geometrick\u00fdch tvarech \u2013 kulat\u00e9, ov\u00e1ln\u00e9, \u010dtvercov\u00e9, ve tvaru hv\u011bzdy nebo srdce atd. Potahy na sed\u00e1ky mohou barevn\u011b kontrastovat v\u016f\u010di barv\u011b samotn\u00e9 \u017eidle, mohou b\u00fdt vhodn\u011b slad\u011bn\u00e9 s barvou podlahov\u00e9 krytiny nebo kobere\u010dk\u016f, s barvou st\u00edn\u00edc\u00ed techniky \u010di sv\u00edtidel anebo samotn\u00e9 kuchy\u0148sk\u00e9 linky.M\u011bli byste si tak\u00e9 vyzkou\u0161et, jak\u00e1 je pro v\u00e1s optim\u00e1ln\u00ed tlou\u0161\u0165ka molitanov\u00e9 vrstvy, n\u011bkomu vyhovuje docela tenk\u00e1, n\u011bkdo preferuje pod zadkem sp\u00ed\u0161e pol\u0161t\u00e1\u0159ek, anebo alespo\u0148 n\u011bkolik centimetr\u016f silnou molitanovou desku. V\u00fdhodou podsed\u00e1k\u016f je i to, \u017ee je lze pr\u00e1t v pra\u010dce nebo v ruce jako jeden celek, nemus\u00edte b\u00fdt v\u00e1z\u00e1ni na potah se zipem, sed\u00e1ky lze vyplnit i molitanovou drt\u00ed a napevno za\u0161\u00edt. Molitan po vypr\u00e1n\u00ed pom\u011brn\u011b rychle schne, ale mus\u00edte se postarat o dostate\u010dn\u00e9 v\u011btr\u00e1n\u00ed a vy\u0161\u0161\u00ed teplotu v m\u00edstnosti, kde pr\u00e1dlo su\u0161\u00edte, aby se na molitanu nevytv\u00e1\u0159ely pl\u00edsn\u011b.                                                                                                                                                                                                                                                                                                                                                                                          4.6\/5 - (7 votes)        "},{"@context":"https:\/\/schema.org\/","@type":"BreadcrumbList","itemListElement":[{"@type":"ListItem","position":1,"name":"Vybavujeme j\u00eddeln\u00ed kout nov\u00fdm n\u00e1bytkem","item":"https:\/\/www.marcal.cz\/vybavujeme-jidelni-kout-novym-nabytkem\/#breadcrumbitem"}]}]