[{"@context":"https:\/\/schema.org\/","@type":"Article","@id":"https:\/\/www.marcal.cz\/vyzkousejte-pripravky-ucinne-kosmetiky-christina-jeste-dnes\/#Article","mainEntityOfPage":"https:\/\/www.marcal.cz\/vyzkousejte-pripravky-ucinne-kosmetiky-christina-jeste-dnes\/","headline":"Vyzkou\u0161ejte p\u0159\u00edpravky \u00fa\u010dinn\u00e9 kosmetiky CHRISTINA je\u0161t\u011b dnes","name":"Vyzkou\u0161ejte p\u0159\u00edpravky \u00fa\u010dinn\u00e9 kosmetiky CHRISTINA je\u0161t\u011b dnes","description":"Tak\u00e9 p\u0159em\u00fd\u0161l\u00edte nad t\u00edm, \u017ee kosmetiku, kterou pr\u00e1v\u011b pou\u017e\u00edv\u00e1te, vym\u011bn\u00edte za n\u011bjakou kvalitn\u011bj\u0161\u00ed a nav\u00edc daleko \u00fa\u010dinn\u011bj\u0161\u00ed? Nikde jste ale zat\u00edm nena\u0161li takovou kosmetiku, kter\u00e1 &hellip; ","datePublished":"2023-06-16","dateModified":"2024-06-20","author":{"@type":"Person","@id":"https:\/\/www.marcal.cz\/author\/#Person","name":"","url":"https:\/\/www.marcal.cz\/author\/","identifier":1,"image":{"@type":"ImageObject","@id":"https:\/\/secure.gravatar.com\/avatar\/a1f3afbcba6a2c855138f9932fa7e5ab7d93bdcdef3da88e8b7e3a89881e43e8?s=96&d=mm&r=g","url":"https:\/\/secure.gravatar.com\/avatar\/a1f3afbcba6a2c855138f9932fa7e5ab7d93bdcdef3da88e8b7e3a89881e43e8?s=96&d=mm&r=g","height":96,"width":96}},"publisher":{"@type":"Organization","name":"marcal.cz","logo":{"@type":"ImageObject","@id":"\/logo.png","url":"\/logo.png","width":600,"height":60}},"url":"https:\/\/www.marcal.cz\/vyzkousejte-pripravky-ucinne-kosmetiky-christina-jeste-dnes\/","wordCount":221,"articleBody":"Tak\u00e9 p\u0159em\u00fd\u0161l\u00edte nad t\u00edm, \u017ee kosmetiku, kterou pr\u00e1v\u011b pou\u017e\u00edv\u00e1te, vym\u011bn\u00edte za n\u011bjakou kvalitn\u011bj\u0161\u00ed a nav\u00edc daleko \u00fa\u010dinn\u011bj\u0161\u00ed? Nikde jste ale zat\u00edm nena\u0161li takovou kosmetiku, kter\u00e1 by v\u00e1m vyhovovala jak sv\u00fdmi parametry, tak i svou p\u0159\u00edznivou cenou? Nezdr\u017eujte se dal\u0161\u00edm a stejn\u011b zbyte\u010dn\u00fdm hled\u00e1n\u00edm, a rad\u011bji je\u0161t\u011b dnes vyu\u017eijte nab\u00eddky profesion\u00e1ln\u00ed kosmetick\u00e9 spole\u010dnosti CHRISTINA. Nav\u0161tivte je\u0161t\u011b dnes internetov\u00fd port\u00e1l t\u00e9to spole\u010dnosti, ve kter\u00e9 na v\u00e1s \u010dek\u00e1 profesion\u00e1ln\u00ed kosmetikaa nab\u00eddka dal\u0161\u00edch procedur, d\u00edky kter\u00fdm z\u00edsk\u00e1te op\u011bt kr\u00e1snou a zdravou ple\u0165.\tKosmetika zam\u011b\u0159en\u00e1 na \u0159e\u0161en\u00ed estetick\u00fdch probl\u00e9m\u016f s plet\u00ed je tuPokud v\u00e1s tr\u00e1p\u00ed probl\u00e9my s va\u0161\u00ed plet\u00ed, kter\u00e9 se v\u00e1m prost\u0159ednictv\u00edm \u017e\u00e1dn\u00fdch prost\u0159edk\u016f neda\u0159\u00ed vy\u0159e\u0161it, pak rad\u011bji za\u010dn\u011bte pou\u017e\u00edvat takovou kosmetiku, kter\u00e1 m\u00e1 skute\u010dn\u011b n\u011bjak\u00fd \u00fa\u010dinek. Kvalitn\u00ed a hlavn\u011b profesion\u00e1ln\u00ed kosmetika CHRISTINA je tu p\u0159esn\u011b pro v\u00e1s. Proto na nic ne\u010dekejte, a objednejte si tuto skv\u011blou kosmetiku i vy. Uvid\u00edte, \u017ee s jej\u00edmi \u00fa\u010dinky budete zaru\u010den\u011b naprosto spokojeni.                                                                                                                                                                                                                                                                                                                                                                                        4\/5 - (7 votes)        "},{"@context":"https:\/\/schema.org\/","@type":"BreadcrumbList","itemListElement":[{"@type":"ListItem","position":1,"name":"Vyzkou\u0161ejte p\u0159\u00edpravky \u00fa\u010dinn\u00e9 kosmetiky CHRISTINA je\u0161t\u011b dnes","item":"https:\/\/www.marcal.cz\/vyzkousejte-pripravky-ucinne-kosmetiky-christina-jeste-dnes\/#breadcrumbitem"}]}]