{"@context":"https:\/\/schema.org\/","@type":"CollectionPage","@id":"https:\/\/www.marcal.cz\/zeny\/#CollectionPage","headline":"\u017deny Category","description":"","url":"https:\/\/www.marcal.cz\/zeny\/","hasPart":[{"@type":"Article","@id":"https:\/\/www.marcal.cz\/vztah-zrale-zeny-a-mladeho-muze\/","headline":"Vztah zral\u00e9 \u017eeny a mlad\u00e9ho mu\u017ee","url":"https:\/\/www.marcal.cz\/vztah-zrale-zeny-a-mladeho-muze\/","datePublished":"2025-03-05","dateModified":"2023-05-01","mainEntityOfPage":"https:\/\/www.marcal.cz\/vztah-zrale-zeny-a-mladeho-muze\/","author":{"@type":"Person","@id":"https:\/\/www.marcal.cz\/author\/#Person","name":"","url":"https:\/\/www.marcal.cz\/author\/","identifier":1,"image":{"@type":"ImageObject","@id":"https:\/\/secure.gravatar.com\/avatar\/a1f3afbcba6a2c855138f9932fa7e5ab7d93bdcdef3da88e8b7e3a89881e43e8?s=96&d=mm&r=g","url":"https:\/\/secure.gravatar.com\/avatar\/a1f3afbcba6a2c855138f9932fa7e5ab7d93bdcdef3da88e8b7e3a89881e43e8?s=96&d=mm&r=g","height":96,"width":96}},"publisher":{"@type":"Organization","name":"marcal.cz","logo":{"@type":"ImageObject","@id":"\/logo.png","url":"\/logo.png","width":600,"height":60}},"image":{"@type":"ImageObject","@id":"https:\/\/www.marcal.cz\/wp-content\/uploads\/img_a340874_w2518_t1553707387.jpg","url":"https:\/\/www.marcal.cz\/wp-content\/uploads\/img_a340874_w2518_t1553707387.jpg","height":0,"width":0},"keywords":null},{"@type":"Article","@id":"https:\/\/www.marcal.cz\/da-se-zit-s-alkoholikem\/","headline":"D\u00e1 se \u017e\u00edt s alkoholikem?","url":"https:\/\/www.marcal.cz\/da-se-zit-s-alkoholikem\/","datePublished":"2025-02-28","dateModified":"2023-05-01","mainEntityOfPage":"https:\/\/www.marcal.cz\/da-se-zit-s-alkoholikem\/","author":{"@type":"Person","@id":"https:\/\/www.marcal.cz\/author\/#Person","name":"","url":"https:\/\/www.marcal.cz\/author\/","identifier":1,"image":{"@type":"ImageObject","@id":"https:\/\/secure.gravatar.com\/avatar\/a1f3afbcba6a2c855138f9932fa7e5ab7d93bdcdef3da88e8b7e3a89881e43e8?s=96&d=mm&r=g","url":"https:\/\/secure.gravatar.com\/avatar\/a1f3afbcba6a2c855138f9932fa7e5ab7d93bdcdef3da88e8b7e3a89881e43e8?s=96&d=mm&r=g","height":96,"width":96}},"publisher":{"@type":"Organization","name":"marcal.cz","logo":{"@type":"ImageObject","@id":"\/logo.png","url":"\/logo.png","width":600,"height":60}},"image":{"@type":"ImageObject","@id":"https:\/\/www.marcal.cz\/wp-content\/uploads\/img_a313502_w2518_t1524300188.jpg","url":"https:\/\/www.marcal.cz\/wp-content\/uploads\/img_a313502_w2518_t1524300188.jpg","height":0,"width":0},"keywords":null},{"@type":"Article","@id":"https:\/\/www.marcal.cz\/4-tipy-jak-si-zlepsit-zivot\/","headline":"4 tipy, jak si zlep\u0161it \u017eivot","url":"https:\/\/www.marcal.cz\/4-tipy-jak-si-zlepsit-zivot\/","datePublished":"2022-12-15","dateModified":"2022-12-15","mainEntityOfPage":"https:\/\/www.marcal.cz\/4-tipy-jak-si-zlepsit-zivot\/","author":{"@type":"Person","@id":"https:\/\/www.marcal.cz\/author\/#Person","name":"","url":"https:\/\/www.marcal.cz\/author\/","identifier":1,"image":{"@type":"ImageObject","@id":"https:\/\/secure.gravatar.com\/avatar\/a1f3afbcba6a2c855138f9932fa7e5ab7d93bdcdef3da88e8b7e3a89881e43e8?s=96&d=mm&r=g","url":"https:\/\/secure.gravatar.com\/avatar\/a1f3afbcba6a2c855138f9932fa7e5ab7d93bdcdef3da88e8b7e3a89881e43e8?s=96&d=mm&r=g","height":96,"width":96}},"publisher":{"@type":"Organization","name":"marcal.cz","logo":{"@type":"ImageObject","@id":"\/logo.png","url":"\/logo.png","width":600,"height":60}},"image":{"@type":"ImageObject","@id":"https:\/\/www.marcal.cz\/wp-content\/uploads\/7ea0fbb468143a969453d4616e0d4393_resize=1080,608__1.jpg","url":"https:\/\/www.marcal.cz\/wp-content\/uploads\/7ea0fbb468143a969453d4616e0d4393_resize=1080,608__1.jpg","height":0,"width":0},"keywords":null},{"@type":"Article","@id":"https:\/\/www.marcal.cz\/kosmeticke-sluzby\/","headline":"Kosmetick\u00e9 slu\u017eby","url":"https:\/\/www.marcal.cz\/kosmeticke-sluzby\/","datePublished":"2019-04-02","dateModified":"2023-05-01","mainEntityOfPage":"https:\/\/www.marcal.cz\/kosmeticke-sluzby\/","author":{"@type":"Person","@id":"https:\/\/www.marcal.cz\/author\/#Person","name":"","url":"https:\/\/www.marcal.cz\/author\/","identifier":1,"image":{"@type":"ImageObject","@id":"https:\/\/secure.gravatar.com\/avatar\/a1f3afbcba6a2c855138f9932fa7e5ab7d93bdcdef3da88e8b7e3a89881e43e8?s=96&d=mm&r=g","url":"https:\/\/secure.gravatar.com\/avatar\/a1f3afbcba6a2c855138f9932fa7e5ab7d93bdcdef3da88e8b7e3a89881e43e8?s=96&d=mm&r=g","height":96,"width":96}},"publisher":{"@type":"Organization","name":"marcal.cz","logo":{"@type":"ImageObject","@id":"\/logo.png","url":"\/logo.png","width":600,"height":60}},"image":{"@type":"ImageObject","@id":"https:\/\/www.marcal.cz\/wp-content\/uploads\/img_a343584_w2518_t1556548699.jpg","url":"https:\/\/www.marcal.cz\/wp-content\/uploads\/img_a343584_w2518_t1556548699.jpg","height":0,"width":0},"keywords":null},{"@type":"Article","@id":"https:\/\/www.marcal.cz\/jak-si-udrzet-zdrave-a-krasne-nehty\/","headline":"Jak si udr\u017eet zdrav\u00e9 a kr\u00e1sn\u00e9 nehty","url":"https:\/\/www.marcal.cz\/jak-si-udrzet-zdrave-a-krasne-nehty\/","datePublished":"2019-03-12","dateModified":"2023-05-01","mainEntityOfPage":"https:\/\/www.marcal.cz\/jak-si-udrzet-zdrave-a-krasne-nehty\/","author":{"@type":"Person","@id":"https:\/\/www.marcal.cz\/author\/#Person","name":"","url":"https:\/\/www.marcal.cz\/author\/","identifier":1,"image":{"@type":"ImageObject","@id":"https:\/\/secure.gravatar.com\/avatar\/a1f3afbcba6a2c855138f9932fa7e5ab7d93bdcdef3da88e8b7e3a89881e43e8?s=96&d=mm&r=g","url":"https:\/\/secure.gravatar.com\/avatar\/a1f3afbcba6a2c855138f9932fa7e5ab7d93bdcdef3da88e8b7e3a89881e43e8?s=96&d=mm&r=g","height":96,"width":96}},"publisher":{"@type":"Organization","name":"marcal.cz","logo":{"@type":"ImageObject","@id":"\/logo.png","url":"\/logo.png","width":600,"height":60}},"image":{"@type":"ImageObject","@id":"https:\/\/www.marcal.cz\/wp-content\/uploads\/img_a341250_w2518_t1553960614.jpg","url":"https:\/\/www.marcal.cz\/wp-content\/uploads\/img_a341250_w2518_t1553960614.jpg","height":0,"width":0},"keywords":null},{"@type":"Article","@id":"https:\/\/www.marcal.cz\/jak-na-nejlepsi-tantricke-milovani\/","headline":"Jak na nejlep\u0161\u00ed tantrick\u00e9 milov\u00e1n\u00ed","url":"https:\/\/www.marcal.cz\/jak-na-nejlepsi-tantricke-milovani\/","datePublished":"2019-02-15","dateModified":"2023-05-01","mainEntityOfPage":"https:\/\/www.marcal.cz\/jak-na-nejlepsi-tantricke-milovani\/","author":{"@type":"Person","@id":"https:\/\/www.marcal.cz\/author\/#Person","name":"","url":"https:\/\/www.marcal.cz\/author\/","identifier":1,"image":{"@type":"ImageObject","@id":"https:\/\/secure.gravatar.com\/avatar\/a1f3afbcba6a2c855138f9932fa7e5ab7d93bdcdef3da88e8b7e3a89881e43e8?s=96&d=mm&r=g","url":"https:\/\/secure.gravatar.com\/avatar\/a1f3afbcba6a2c855138f9932fa7e5ab7d93bdcdef3da88e8b7e3a89881e43e8?s=96&d=mm&r=g","height":96,"width":96}},"publisher":{"@type":"Organization","name":"marcal.cz","logo":{"@type":"ImageObject","@id":"\/logo.png","url":"\/logo.png","width":600,"height":60}},"image":{"@type":"ImageObject","@id":"https:\/\/www.marcal.cz\/wp-content\/uploads\/img_a337663_w2518_t1550675758.jpg","url":"https:\/\/www.marcal.cz\/wp-content\/uploads\/img_a337663_w2518_t1550675758.jpg","height":0,"width":0},"keywords":null},{"@type":"Article","@id":"https:\/\/www.marcal.cz\/neklidne-a-hyperaktivni-dite\/","headline":"Neklidn\u00e9 a hyperaktivn\u00ed d\u00edt\u011b","url":"https:\/\/www.marcal.cz\/neklidne-a-hyperaktivni-dite\/","datePublished":"2019-01-22","dateModified":"2023-05-01","mainEntityOfPage":"https:\/\/www.marcal.cz\/neklidne-a-hyperaktivni-dite\/","author":{"@type":"Person","@id":"https:\/\/www.marcal.cz\/author\/#Person","name":"","url":"https:\/\/www.marcal.cz\/author\/","identifier":1,"image":{"@type":"ImageObject","@id":"https:\/\/secure.gravatar.com\/avatar\/a1f3afbcba6a2c855138f9932fa7e5ab7d93bdcdef3da88e8b7e3a89881e43e8?s=96&d=mm&r=g","url":"https:\/\/secure.gravatar.com\/avatar\/a1f3afbcba6a2c855138f9932fa7e5ab7d93bdcdef3da88e8b7e3a89881e43e8?s=96&d=mm&r=g","height":96,"width":96}},"publisher":{"@type":"Organization","name":"marcal.cz","logo":{"@type":"ImageObject","@id":"\/logo.png","url":"\/logo.png","width":600,"height":60}},"image":{"@type":"ImageObject","@id":"https:\/\/www.marcal.cz\/wp-content\/uploads\/img_a335170_w2518_t1548574462.jpg","url":"https:\/\/www.marcal.cz\/wp-content\/uploads\/img_a335170_w2518_t1548574462.jpg","height":0,"width":0},"keywords":null}]}